{"id":10000,"date":"2022-03-07T15:44:12","date_gmt":"2022-03-07T18:44:12","guid":{"rendered":"https:\/\/ens9002-infd.mendoza.edu.ar\/sitio\/?p=10000"},"modified":"2022-03-07T15:50:37","modified_gmt":"2022-03-07T18:50:37","slug":"convocatoria-de-la-consejeria-de-genero-para-conmemorar-el-8m","status":"publish","type":"post","link":"https:\/\/ens9002-infd.mendoza.edu.ar\/sitio\/convocatoria-de-la-consejeria-de-genero-para-conmemorar-el-8m\/","title":{"rendered":"Convocatoria de la Consejer\u00eda de G\u00e9nero para conmemorar el 8M"},"content":{"rendered":"\n<p>Cada 8 de marzo, el colectivo de mujeres se re\u00fane para conmemorar, luchar y revindicar los derechos ganados y los a\u00fan pendientes para la construcci\u00f3n de una sociedad m\u00e1s equitativa e igualitaria sin distinci\u00f3n de sexos y g\u00e9neros.<\/p>\n\n\n\n<p>En este marco, la Consejer\u00eda de G\u00e9nero del instituto Tom\u00e1s Godoy Cruz invita a la comunidad a sumar lemas para este 8M, junto a hist\u00f3ricas trabajadoras de la educaci\u00f3n de nuestra instituci\u00f3n. La consigna se refiere a responder la pregunta <em>\u00bfQu\u00e9 dir\u00eda Mary Olive Morse\/Margaret Collord a estudiantes, trabajadoras de la educaci\u00f3n del siglo XXI?<\/em>. Luego, se debe editar las vi\u00f1etas (ver abajo) con el dispositivo con que cada participante cuente y enviar la intervenci\u00f3n por mensajer\u00eda privada a las redes sociales de Bienestar Estudiantil (Instagram: <a rel=\"noreferrer noopener\" href=\"https:\/\/instagram.com\/bienestarestudiantiltgc?utm_medium=copy_link\" data-type=\"URL\" data-id=\"https:\/\/instagram.com\/bienestarestudiantiltgc?utm_medium=copy_link\" target=\"_blank\">@bienestarestudiantiltgc<\/a> | Facebook: <a rel=\"noreferrer noopener\" href=\"https:\/\/www.facebook.com\/TGCPoliticasEstudiantiles\" data-type=\"URL\" data-id=\"https:\/\/www.facebook.com\/TGCPoliticasEstudiantiles\" target=\"_blank\">Bienestar Estudiantil TGC<\/a>). Tambi\u00e9n es viable descargar las im\u00e1genes imprimirlas, intervenirlas a mano y acercarlas a la oficina del \u00e1rea. Todas las im\u00e1genes se difundir\u00e1n en las redes oficiales durante marzo. <br><\/p>\n\n\n\n<div class=\"wp-block-columns is-layout-flex wp-container-6\">\n<div class=\"wp-block-column is-layout-flow\" style=\"flex-basis:100%\">\n<div class=\"wp-block-columns is-layout-flex wp-container-4\">\n<div class=\"wp-block-column is-layout-flow\" style=\"flex-basis:100%\">\n<figure class=\"wp-block-gallery columns-2 is-cropped wp-block-gallery-1 is-layout-flex\"><ul class=\"blocks-gallery-grid\"><li class=\"blocks-gallery-item\"><figure><img decoding=\"async\" loading=\"lazy\" width=\"1280\" height=\"1280\" src=\"https:\/\/ens9002-infd.mendoza.edu.ar\/sitio\/wp-content\/uploads\/2022\/03\/WhatsApp-Image-2022-03-07-at-07.52.38-1.jpeg\" alt=\"\" data-id=\"10002\" class=\"wp-image-10002\" srcset=\"https:\/\/ens9002-infd.mendoza.edu.ar\/sitio\/wp-content\/uploads\/2022\/03\/WhatsApp-Image-2022-03-07-at-07.52.38-1.jpeg 1280w, https:\/\/ens9002-infd.mendoza.edu.ar\/sitio\/wp-content\/uploads\/2022\/03\/WhatsApp-Image-2022-03-07-at-07.52.38-1-1000x1000.jpeg 1000w, https:\/\/ens9002-infd.mendoza.edu.ar\/sitio\/wp-content\/uploads\/2022\/03\/WhatsApp-Image-2022-03-07-at-07.52.38-1-500x500.jpeg 500w, https:\/\/ens9002-infd.mendoza.edu.ar\/sitio\/wp-content\/uploads\/2022\/03\/WhatsApp-Image-2022-03-07-at-07.52.38-1-768x768.jpeg 768w\" sizes=\"(max-width: 1280px) 100vw, 1280px\" \/><\/figure><\/li><li class=\"blocks-gallery-item\"><figure><img decoding=\"async\" loading=\"lazy\" width=\"1280\" height=\"1280\" src=\"https:\/\/ens9002-infd.mendoza.edu.ar\/sitio\/wp-content\/uploads\/2022\/03\/WhatsApp-Image-2022-03-07-at-07.52.37.jpeg\" alt=\"\" data-id=\"10003\" data-full-url=\"https:\/\/ens9002-infd.mendoza.edu.ar\/sitio\/wp-content\/uploads\/2022\/03\/WhatsApp-Image-2022-03-07-at-07.52.37.jpeg\" data-link=\"https:\/\/ens9002-infd.mendoza.edu.ar\/sitio\/?attachment_id=10003#main\" class=\"wp-image-10003\" srcset=\"https:\/\/ens9002-infd.mendoza.edu.ar\/sitio\/wp-content\/uploads\/2022\/03\/WhatsApp-Image-2022-03-07-at-07.52.37.jpeg 1280w, https:\/\/ens9002-infd.mendoza.edu.ar\/sitio\/wp-content\/uploads\/2022\/03\/WhatsApp-Image-2022-03-07-at-07.52.37-1000x1000.jpeg 1000w, https:\/\/ens9002-infd.mendoza.edu.ar\/sitio\/wp-content\/uploads\/2022\/03\/WhatsApp-Image-2022-03-07-at-07.52.37-500x500.jpeg 500w, https:\/\/ens9002-infd.mendoza.edu.ar\/sitio\/wp-content\/uploads\/2022\/03\/WhatsApp-Image-2022-03-07-at-07.52.37-768x768.jpeg 768w\" sizes=\"(max-width: 1280px) 100vw, 1280px\" \/><\/figure><\/li><\/ul><\/figure>\n<\/div>\n<\/div>\n<\/div>\n<\/div>\n\n\n\n<p><strong>Origen del 8M<\/strong><br>Esta fecha surge en New York luego del tr\u00e1gico 8 de marzo de 1908 cuando 129 mujeres trabajadoras de la f\u00e1brica Cotton mueren en el incendio de la misma en contexto de una toma y protesta por mejores condiciones laborales y equiparaci\u00f3n con el salario masculino. El siniestro se produjo a causa del due\u00f1o de la f\u00e1brica, quien orden\u00f3 cerrar el edificio con el intento de cesar la protesta.<br>Este lamentable suceso desencaden\u00f3 una serie de encuentros, congresos y debates que<br>despertaron la conciencia pol\u00edtica, cultural y social en t\u00e9rminos globales. Hoy, esta fecha nos<br>convoca a reflexionar sobre la desigualdad hist\u00f3rica que afecta a las mujeres y feminidades,<br>y desde una mirada interseccional, leerlas desde un contexto latinoamericano y disidente para pensar las acciones que transformen dicha realidad y continuar trabajando en las diferentes l\u00edneas de cambio para un mundo donde ser mujeres no sea raz\u00f3n para la vulneraci\u00f3n y la injusticia social.<\/p>\n","protected":false},"excerpt":{"rendered":"<p>Cada 8 de marzo, el colectivo de mujeres se re\u00fane para conmemorar, luchar y revindicar los derechos ganados y los a\u00fan pendientes para la construcci\u00f3n de una sociedad m\u00e1s equitativa e igualitaria sin distinci\u00f3n de sexos y g\u00e9neros. En este marco, la Consejer\u00eda de G\u00e9nero del instituto Tom\u00e1s Godoy Cruz invita a la comunidad a &#8230; <a title=\"Convocatoria de la Consejer\u00eda de G\u00e9nero para conmemorar el 8M\" class=\"read-more\" href=\"https:\/\/ens9002-infd.mendoza.edu.ar\/sitio\/convocatoria-de-la-consejeria-de-genero-para-conmemorar-el-8m\/\" aria-label=\"More on Convocatoria de la Consejer\u00eda de G\u00e9nero para conmemorar el 8M\">[+]<\/a><\/p>\n","protected":false},"author":10055,"featured_media":10006,"comment_status":"open","ping_status":"open","sticky":false,"template":"","format":"standard","meta":[],"categories":[6,1],"tags":[230,231],"acf":[],"_links":{"self":[{"href":"https:\/\/ens9002-infd.mendoza.edu.ar\/sitio\/wp-json\/wp\/v2\/posts\/10000"}],"collection":[{"href":"https:\/\/ens9002-infd.mendoza.edu.ar\/sitio\/wp-json\/wp\/v2\/posts"}],"about":[{"href":"https:\/\/ens9002-infd.mendoza.edu.ar\/sitio\/wp-json\/wp\/v2\/types\/post"}],"author":[{"embeddable":true,"href":"https:\/\/ens9002-infd.mendoza.edu.ar\/sitio\/wp-json\/wp\/v2\/users\/10055"}],"replies":[{"embeddable":true,"href":"https:\/\/ens9002-infd.mendoza.edu.ar\/sitio\/wp-json\/wp\/v2\/comments?post=10000"}],"version-history":[{"count":2,"href":"https:\/\/ens9002-infd.mendoza.edu.ar\/sitio\/wp-json\/wp\/v2\/posts\/10000\/revisions"}],"predecessor-version":[{"id":10008,"href":"https:\/\/ens9002-infd.mendoza.edu.ar\/sitio\/wp-json\/wp\/v2\/posts\/10000\/revisions\/10008"}],"wp:featuredmedia":[{"embeddable":true,"href":"https:\/\/ens9002-infd.mendoza.edu.ar\/sitio\/wp-json\/wp\/v2\/media\/10006"}],"wp:attachment":[{"href":"https:\/\/ens9002-infd.mendoza.edu.ar\/sitio\/wp-json\/wp\/v2\/media?parent=10000"}],"wp:term":[{"taxonomy":"category","embeddable":true,"href":"https:\/\/ens9002-infd.mendoza.edu.ar\/sitio\/wp-json\/wp\/v2\/categories?post=10000"},{"taxonomy":"post_tag","embeddable":true,"href":"https:\/\/ens9002-infd.mendoza.edu.ar\/sitio\/wp-json\/wp\/v2\/tags?post=10000"}],"curies":[{"name":"wp","href":"https:\/\/api.w.org\/{rel}","templated":true}]}}