{"id":10134,"date":"2022-03-18T15:59:22","date_gmt":"2022-03-18T18:59:22","guid":{"rendered":"https:\/\/ens9002-infd.mendoza.edu.ar\/sitio\/?p=10134"},"modified":"2022-03-18T16:03:50","modified_gmt":"2022-03-18T19:03:50","slug":"el-instituto-tomas-godoy-firmo-un-convenio-de-colaboracion-con-el-inv","status":"publish","type":"post","link":"https:\/\/ens9002-infd.mendoza.edu.ar\/sitio\/el-instituto-tomas-godoy-firmo-un-convenio-de-colaboracion-con-el-inv\/","title":{"rendered":"El instituto Tom\u00e1s Godoy firm\u00f3 un convenio de colaboraci\u00f3n con el INV"},"content":{"rendered":"\n<p>Desde hace algunos a\u00f1os, ambas instituciones celebran acuerdos para establecer relaciones de colaboraci\u00f3n y asistencia rec\u00edproca. Esta vez, el jueves 17 de marzo el rector del instituto Tom\u00e1s Godoy Cruz -profesor Cristian Barzola- y el presidente del Instituto Nacional de Vitivinicultura -Mart\u00edn Hinojosa- rubricaron un acuerdo para fortalecer los trayectos de formaci\u00f3n inicial del estudiantado y continuar con la capacitaci\u00f3n de egresados y egresadas.<\/p>\n\n\n\n<p>Durante el encuentro -que tuvo lugar en la sede del IES-, ambas autoridades apostaron a trabajar de forma conjunta para capacitar a la comunidad educativa del instituto, en el desarrollo y promoci\u00f3n del sistema de designaci\u00f3n de origen de los vinos y de las bebidas espirituosas de naturaleza v\u00ednica como factor de calidad. Adem\u00e1s, consideraron desarrollar un intercambio de actividades relacionadas con el turismo, especialmente el vitivin\u00edcola.<\/p>\n\n\n\n<p>El rector de la casa de estudios declar\u00f3 que \u201cpara nosotros es muy importante la vinculaci\u00f3n con el sector productivo y con el INV, considerando que el Tom\u00e1s Godoy Cruz es una instituci\u00f3n se\u00f1era en educaci\u00f3n, con 130 a\u00f1os en la provincia de Mendoza. Creo que estas instancias, a partir de los procesos de gesti\u00f3n, donde se pueden vincular una instituci\u00f3n con otra, son muy importantes porque generan un beneficio para nuestros estudiantes y para la sociedad mendocina que se beneficia porque el mundo el laboral puede contar con alumnos m\u00e1s capacitados\u201d.<\/p>\n\n\n\n<p>En este sentido, Barzola agreg\u00f3 que \u201cfelicitamos a la gesti\u00f3n del INV por acercarse a instituciones educativas con muchos a\u00f1os de trayectoria y que a partir de esos v\u00ednculos pueda mejorar la oferta educativa y posibilite a los j\u00f3venes una mejor inserci\u00f3n en el mundo del trabajo\u201d.<\/p>\n\n\n\n<figure class=\"wp-block-image size-large\"><img decoding=\"async\" loading=\"lazy\" width=\"1080\" height=\"1080\" src=\"https:\/\/ens9002-infd.mendoza.edu.ar\/sitio\/wp-content\/uploads\/2022\/03\/Convenio-TGC-INV-II.jpg\" alt=\"\" class=\"wp-image-10135\" srcset=\"https:\/\/ens9002-infd.mendoza.edu.ar\/sitio\/wp-content\/uploads\/2022\/03\/Convenio-TGC-INV-II.jpg 1080w, https:\/\/ens9002-infd.mendoza.edu.ar\/sitio\/wp-content\/uploads\/2022\/03\/Convenio-TGC-INV-II-1000x1000.jpg 1000w, https:\/\/ens9002-infd.mendoza.edu.ar\/sitio\/wp-content\/uploads\/2022\/03\/Convenio-TGC-INV-II-500x500.jpg 500w, https:\/\/ens9002-infd.mendoza.edu.ar\/sitio\/wp-content\/uploads\/2022\/03\/Convenio-TGC-INV-II-768x768.jpg 768w\" sizes=\"(max-width: 1080px) 100vw, 1080px\" \/><\/figure>\n\n\n\n<p>Por su parte, Hinojosa remarc\u00f3 que \u201cnuestro objetivo, a trav\u00e9s de este convenio, es acercar el INV al sistema acad\u00e9mico. Con esto se busca acortar la brecha que entre los requerimientos del sector vitivin\u00edcola y la oferta educativa. En este caso, con el IES Tom\u00e1s Godoy Cruz, consideramos que contribuimos a la formaci\u00f3n de los estudiantes y, para ello, ofrecemos todo lo que est\u00e1 a nuestro alcance desde el INV para que los estudiantes realicen distintas actividades para su formaci\u00f3n, por ejemplo, pasant\u00edas. Y la vez, pretendemos que el INV pueda incorporar recursos humanos capacitados que son necesarios para el recambio generacional en el Organismo\u201d.<\/p>\n\n\n\n<p>Una actividad prevista es el montaje de una muestra pict\u00f3rica a cargo de estudiantes del profesorado en Artes Visuales del instituto, que se expondr\u00e1 en el Museo del Vino que se encuentra en la sede central del INV. El evento formar\u00e1 parte de la agenda de exposiciones que se realizan en el marco de los Caminos del Vino.<\/p>\n\n\n\n<p>Para finalizar, las autoridades enfatizaron en que se realizar\u00e1n acuerdos espec\u00edficos para las acciones concretas necesarias relacionadas con los objetivos del convenio.<\/p>\n\n\n\n<p>Fuente: https:\/\/www.argentina.gob.ar\/<\/p>\n","protected":false},"excerpt":{"rendered":"<p>Desde hace algunos a\u00f1os, ambas instituciones celebran acuerdos para establecer relaciones de colaboraci\u00f3n y asistencia rec\u00edproca. Esta vez, el jueves 17 de marzo el rector del instituto Tom\u00e1s Godoy Cruz -profesor Cristian Barzola- y el presidente del Instituto Nacional de Vitivinicultura -Mart\u00edn Hinojosa- rubricaron un acuerdo para fortalecer los trayectos de formaci\u00f3n inicial del estudiantado &#8230; <a title=\"El instituto Tom\u00e1s Godoy firm\u00f3 un convenio de colaboraci\u00f3n con el INV\" class=\"read-more\" href=\"https:\/\/ens9002-infd.mendoza.edu.ar\/sitio\/el-instituto-tomas-godoy-firmo-un-convenio-de-colaboracion-con-el-inv\/\" aria-label=\"More on El instituto Tom\u00e1s Godoy firm\u00f3 un convenio de colaboraci\u00f3n con el INV\">[+]<\/a><\/p>\n","protected":false},"author":10055,"featured_media":10136,"comment_status":"open","ping_status":"open","sticky":false,"template":"","format":"standard","meta":[],"categories":[1,6],"tags":[235,234,236,237],"acf":[],"_links":{"self":[{"href":"https:\/\/ens9002-infd.mendoza.edu.ar\/sitio\/wp-json\/wp\/v2\/posts\/10134"}],"collection":[{"href":"https:\/\/ens9002-infd.mendoza.edu.ar\/sitio\/wp-json\/wp\/v2\/posts"}],"about":[{"href":"https:\/\/ens9002-infd.mendoza.edu.ar\/sitio\/wp-json\/wp\/v2\/types\/post"}],"author":[{"embeddable":true,"href":"https:\/\/ens9002-infd.mendoza.edu.ar\/sitio\/wp-json\/wp\/v2\/users\/10055"}],"replies":[{"embeddable":true,"href":"https:\/\/ens9002-infd.mendoza.edu.ar\/sitio\/wp-json\/wp\/v2\/comments?post=10134"}],"version-history":[{"count":2,"href":"https:\/\/ens9002-infd.mendoza.edu.ar\/sitio\/wp-json\/wp\/v2\/posts\/10134\/revisions"}],"predecessor-version":[{"id":10138,"href":"https:\/\/ens9002-infd.mendoza.edu.ar\/sitio\/wp-json\/wp\/v2\/posts\/10134\/revisions\/10138"}],"wp:featuredmedia":[{"embeddable":true,"href":"https:\/\/ens9002-infd.mendoza.edu.ar\/sitio\/wp-json\/wp\/v2\/media\/10136"}],"wp:attachment":[{"href":"https:\/\/ens9002-infd.mendoza.edu.ar\/sitio\/wp-json\/wp\/v2\/media?parent=10134"}],"wp:term":[{"taxonomy":"category","embeddable":true,"href":"https:\/\/ens9002-infd.mendoza.edu.ar\/sitio\/wp-json\/wp\/v2\/categories?post=10134"},{"taxonomy":"post_tag","embeddable":true,"href":"https:\/\/ens9002-infd.mendoza.edu.ar\/sitio\/wp-json\/wp\/v2\/tags?post=10134"}],"curies":[{"name":"wp","href":"https:\/\/api.w.org\/{rel}","templated":true}]}}