{"id":10186,"date":"2022-03-23T14:48:58","date_gmt":"2022-03-23T17:48:58","guid":{"rendered":"https:\/\/ens9002-infd.mendoza.edu.ar\/sitio\/?p=10186"},"modified":"2022-04-25T11:33:18","modified_gmt":"2022-04-25T14:33:18","slug":"abren-las-inscripciones-para-la-actualizacion-academica-de-inclusion-educativa-frente-a-la-diversidad","status":"publish","type":"post","link":"https:\/\/ens9002-infd.mendoza.edu.ar\/sitio\/abren-las-inscripciones-para-la-actualizacion-academica-de-inclusion-educativa-frente-a-la-diversidad\/","title":{"rendered":"Abren las inscripciones para la actualizaci\u00f3n acad\u00e9mica de Inclusi\u00f3n Educativa frente a la diversidad"},"content":{"rendered":"\n<p>Desde hace varios a\u00f1os, el instituto Tom\u00e1s Godoy Cruz lanza esta oferta de formaci\u00f3n sobre la Inclusi\u00f3n Educativa frente a la diversidad. Este ciclo lectivo no ser\u00e1 la excepci\u00f3n, por lo que inician las inscripciones para una nueva cohorte. El espacio se destina a personal de supervisi\u00f3n y direcci\u00f3n y a docentes de todas las modalidades y niveles del sistema educativo.<\/p>\n\n\n\n<p>La exitosa propuesta, que otorgar\u00e1 a quienes cursen nuevas herramientas pedag\u00f3gicas para atender a distintas realidades que se presentan en el aula, se desarrollar\u00e1 bajo modalidad semipresencial a partir del 22 de abril. Cuenta con resoluci\u00f3n otorgada por la Direcci\u00f3n General de Escuelas &#8211;<a rel=\"noreferrer noopener\" href=\"https:\/\/ens9002-infd.mendoza.edu.ar\/sitio\/wp-content\/uploads\/2022\/03\/RESOL-2022-399-GDEMZA-DGE-Actualizacion-Academica-en-Inclusion-Educativa-frente-a-la-diversidad-IES-9-002.pdf\" data-type=\"URL\" data-id=\"https:\/\/ens9002-infd.mendoza.edu.ar\/sitio\/wp-content\/uploads\/2022\/03\/RESOL-2022-399-GDEMZA-DGE-Actualizacion-Academica-en-Inclusion-Educativa-frente-a-la-diversidad-IES-9-002.pdf\" target=\"_blank\">clic aqu\u00ed<\/a>-.<\/p>\n\n\n\n<p>Para conocer m\u00e1s detalles acerca de las inscripciones y otras informaciones, enviar un correo electr\u00f3nico a <a href=\"mailto:9002jefaturaformacioncontinua@gmail.com\" target=\"_blank\" rel=\"noreferrer noopener\">9002jefaturaformacioncontinua@gmail.com<\/a><\/p>\n\n\n\n<p><\/p>\n","protected":false},"excerpt":{"rendered":"<p>Desde hace varios a\u00f1os, el instituto Tom\u00e1s Godoy Cruz lanza esta oferta de formaci\u00f3n sobre la Inclusi\u00f3n Educativa frente a la diversidad. Este ciclo lectivo no ser\u00e1 la excepci\u00f3n, por lo que inician las inscripciones para una nueva cohorte. El espacio se destina a personal de supervisi\u00f3n y direcci\u00f3n y a docentes de todas las &#8230; <a title=\"Abren las inscripciones para la actualizaci\u00f3n acad\u00e9mica de Inclusi\u00f3n Educativa frente a la diversidad\" class=\"read-more\" href=\"https:\/\/ens9002-infd.mendoza.edu.ar\/sitio\/abren-las-inscripciones-para-la-actualizacion-academica-de-inclusion-educativa-frente-a-la-diversidad\/\" aria-label=\"More on Abren las inscripciones para la actualizaci\u00f3n acad\u00e9mica de Inclusi\u00f3n Educativa frente a la diversidad\">[+]<\/a><\/p>\n","protected":false},"author":10055,"featured_media":10187,"comment_status":"open","ping_status":"open","sticky":false,"template":"","format":"standard","meta":[],"categories":[1,6],"tags":[82,19,239,83],"acf":[],"_links":{"self":[{"href":"https:\/\/ens9002-infd.mendoza.edu.ar\/sitio\/wp-json\/wp\/v2\/posts\/10186"}],"collection":[{"href":"https:\/\/ens9002-infd.mendoza.edu.ar\/sitio\/wp-json\/wp\/v2\/posts"}],"about":[{"href":"https:\/\/ens9002-infd.mendoza.edu.ar\/sitio\/wp-json\/wp\/v2\/types\/post"}],"author":[{"embeddable":true,"href":"https:\/\/ens9002-infd.mendoza.edu.ar\/sitio\/wp-json\/wp\/v2\/users\/10055"}],"replies":[{"embeddable":true,"href":"https:\/\/ens9002-infd.mendoza.edu.ar\/sitio\/wp-json\/wp\/v2\/comments?post=10186"}],"version-history":[{"count":2,"href":"https:\/\/ens9002-infd.mendoza.edu.ar\/sitio\/wp-json\/wp\/v2\/posts\/10186\/revisions"}],"predecessor-version":[{"id":10483,"href":"https:\/\/ens9002-infd.mendoza.edu.ar\/sitio\/wp-json\/wp\/v2\/posts\/10186\/revisions\/10483"}],"wp:featuredmedia":[{"embeddable":true,"href":"https:\/\/ens9002-infd.mendoza.edu.ar\/sitio\/wp-json\/wp\/v2\/media\/10187"}],"wp:attachment":[{"href":"https:\/\/ens9002-infd.mendoza.edu.ar\/sitio\/wp-json\/wp\/v2\/media?parent=10186"}],"wp:term":[{"taxonomy":"category","embeddable":true,"href":"https:\/\/ens9002-infd.mendoza.edu.ar\/sitio\/wp-json\/wp\/v2\/categories?post=10186"},{"taxonomy":"post_tag","embeddable":true,"href":"https:\/\/ens9002-infd.mendoza.edu.ar\/sitio\/wp-json\/wp\/v2\/tags?post=10186"}],"curies":[{"name":"wp","href":"https:\/\/api.w.org\/{rel}","templated":true}]}}