{"id":10484,"date":"2022-04-25T11:42:11","date_gmt":"2022-04-25T14:42:11","guid":{"rendered":"https:\/\/ens9002-infd.mendoza.edu.ar\/sitio\/?p=10484"},"modified":"2022-04-25T11:42:12","modified_gmt":"2022-04-25T14:42:12","slug":"zona-sur-el-taller-educacion-emocional-desde-la-perspectiva-del-coaching-ontologico-se-dictara-en-malargue","status":"publish","type":"post","link":"https:\/\/ens9002-infd.mendoza.edu.ar\/sitio\/zona-sur-el-taller-educacion-emocional-desde-la-perspectiva-del-coaching-ontologico-se-dictara-en-malargue\/","title":{"rendered":"Zona sur: el taller Educaci\u00f3n emocional desde la perspectiva del coaching ontol\u00f3gico se dictar\u00e1 en Malarg\u00fce"},"content":{"rendered":"\n<p>Con el fin de federalizar la oferta educativa dentro del territorio provincial, el 16 de mayo comenzar\u00e1 en Malarg\u00fce el taller\u00a0<em>Educaci\u00f3n emocional desde la perspectiva del coaching ontol\u00f3gico<\/em>, a cargo de la profesora Yanina Barfi. La propuesta se desarrollar\u00e1 en el Campus Educativo Municipal, Rosario Vera Pe\u00f1aloza y Fray Luis Beltr\u00e1n, en el departamento sure\u00f1o.<\/p>\n\n\n\n<p>El espacio se destina a personal de supervisi\u00f3n, direcci\u00f3n y docentes de todos los niveles y modalidades del sistema educativo. Cuenta con puntaje otorgado por la DGE \u2013<a rel=\"noreferrer noopener\" href=\"https:\/\/ens9002-infd.mendoza.edu.ar\/sitio\/wp-content\/uploads\/2021\/09\/Res.-137-CGES-21-Un-abordaje-desde-la-Ontologia-del-Lenguaje-y-la-practica-especifica-del-Coaching-9-002-1.pdf\" target=\"_blank\">clic aqu\u00ed<\/a>\u00a0para acceder a la resoluci\u00f3n-.<\/p>\n\n\n\n<p>El cursado se extender\u00e1 a lo largo de 9 encuentros, bajo modalidad semipresencial. Abordar\u00e1 tem\u00e1ticas relacionadas con las emociones y estados de \u00e1nimo, estados de \u00e1nimo y acci\u00f3n, los estados de \u00e1nimo y el lenguaje y los cuatro estados emocionales b\u00e1sicos \u2013<a rel=\"noreferrer noopener\" href=\"https:\/\/sway.office.com\/Y7832lvPW8IwyBbx?ref=Link\" target=\"_blank\">clic aqu<\/a>\u00ed para conocer m\u00e1s detalles-.<\/p>\n\n\n\n<p>Para solicitar m\u00e1s informaci\u00f3n respecto de las inscripciones, comunicarse por correo electr\u00f3nico a&nbsp;<a rel=\"noreferrer noopener\" href=\"mailto:9002jefaturaformacioncontinua@gmail.com\" target=\"_blank\">9002jefaturaformacioncontinua@gmail.com<\/a>.<\/p>\n","protected":false},"excerpt":{"rendered":"<p>Con el fin de federalizar la oferta educativa dentro del territorio provincial, el 16 de mayo comenzar\u00e1 en Malarg\u00fce el taller\u00a0Educaci\u00f3n emocional desde la perspectiva del coaching ontol\u00f3gico, a cargo de la profesora Yanina Barfi. La propuesta se desarrollar\u00e1 en el Campus Educativo Municipal, Rosario Vera Pe\u00f1aloza y Fray Luis Beltr\u00e1n, en el departamento sure\u00f1o. &#8230; <a title=\"Zona sur: el taller Educaci\u00f3n emocional desde la perspectiva del coaching ontol\u00f3gico se dictar\u00e1 en Malarg\u00fce\" class=\"read-more\" href=\"https:\/\/ens9002-infd.mendoza.edu.ar\/sitio\/zona-sur-el-taller-educacion-emocional-desde-la-perspectiva-del-coaching-ontologico-se-dictara-en-malargue\/\" aria-label=\"More on Zona sur: el taller Educaci\u00f3n emocional desde la perspectiva del coaching ontol\u00f3gico se dictar\u00e1 en Malarg\u00fce\">[+]<\/a><\/p>\n","protected":false},"author":10055,"featured_media":9931,"comment_status":"open","ping_status":"open","sticky":false,"template":"","format":"standard","meta":[],"categories":[6,1],"tags":[194,193,259],"acf":[],"_links":{"self":[{"href":"https:\/\/ens9002-infd.mendoza.edu.ar\/sitio\/wp-json\/wp\/v2\/posts\/10484"}],"collection":[{"href":"https:\/\/ens9002-infd.mendoza.edu.ar\/sitio\/wp-json\/wp\/v2\/posts"}],"about":[{"href":"https:\/\/ens9002-infd.mendoza.edu.ar\/sitio\/wp-json\/wp\/v2\/types\/post"}],"author":[{"embeddable":true,"href":"https:\/\/ens9002-infd.mendoza.edu.ar\/sitio\/wp-json\/wp\/v2\/users\/10055"}],"replies":[{"embeddable":true,"href":"https:\/\/ens9002-infd.mendoza.edu.ar\/sitio\/wp-json\/wp\/v2\/comments?post=10484"}],"version-history":[{"count":1,"href":"https:\/\/ens9002-infd.mendoza.edu.ar\/sitio\/wp-json\/wp\/v2\/posts\/10484\/revisions"}],"predecessor-version":[{"id":10485,"href":"https:\/\/ens9002-infd.mendoza.edu.ar\/sitio\/wp-json\/wp\/v2\/posts\/10484\/revisions\/10485"}],"wp:featuredmedia":[{"embeddable":true,"href":"https:\/\/ens9002-infd.mendoza.edu.ar\/sitio\/wp-json\/wp\/v2\/media\/9931"}],"wp:attachment":[{"href":"https:\/\/ens9002-infd.mendoza.edu.ar\/sitio\/wp-json\/wp\/v2\/media?parent=10484"}],"wp:term":[{"taxonomy":"category","embeddable":true,"href":"https:\/\/ens9002-infd.mendoza.edu.ar\/sitio\/wp-json\/wp\/v2\/categories?post=10484"},{"taxonomy":"post_tag","embeddable":true,"href":"https:\/\/ens9002-infd.mendoza.edu.ar\/sitio\/wp-json\/wp\/v2\/tags?post=10484"}],"curies":[{"name":"wp","href":"https:\/\/api.w.org\/{rel}","templated":true}]}}