{"id":10489,"date":"2022-04-25T22:28:24","date_gmt":"2022-04-26T01:28:24","guid":{"rendered":"https:\/\/ens9002-infd.mendoza.edu.ar\/sitio\/?p=10489"},"modified":"2022-04-26T13:01:52","modified_gmt":"2022-04-26T16:01:52","slug":"martes-26-de-abril-suspension-de-clases-presenciales-en-turno-manana-por-viento-zonda","status":"publish","type":"post","link":"https:\/\/ens9002-infd.mendoza.edu.ar\/sitio\/martes-26-de-abril-suspension-de-clases-presenciales-en-turno-manana-por-viento-zonda\/","title":{"rendered":"Martes 26 de abril: suspensi\u00f3n de clases presenciales en todos los turnos por viento zonda"},"content":{"rendered":"\n<p>Por recomendaci\u00f3n de Defensa Civil y la emisi\u00f3n del alerta naranja por condiciones de viento Zonda de importante intensidad, la Direcci\u00f3n General de Escuelas comunica que este martes 26 de abril queda suspendido el dictado de clases presenciales para el turno ma\u00f1ana y tarde en toda la provincia de Mendoza.<\/p>\n\n\n\n<p>Adem\u00e1s, las autoridades del instituto Tom\u00e1s Godoy Cruz disponen la suspensi\u00f3n de actividades presenciales para turno vespertino.<\/p>\n","protected":false},"excerpt":{"rendered":"<p>Por recomendaci\u00f3n de Defensa Civil y la emisi\u00f3n del alerta naranja por condiciones de viento Zonda de importante intensidad, la Direcci\u00f3n General de Escuelas comunica que este martes 26 de abril queda suspendido el dictado de clases presenciales para el turno ma\u00f1ana y tarde en toda la provincia de Mendoza. Adem\u00e1s, las autoridades del instituto &#8230; <a title=\"Martes 26 de abril: suspensi\u00f3n de clases presenciales en todos los turnos por viento zonda\" class=\"read-more\" href=\"https:\/\/ens9002-infd.mendoza.edu.ar\/sitio\/martes-26-de-abril-suspension-de-clases-presenciales-en-turno-manana-por-viento-zonda\/\" aria-label=\"More on Martes 26 de abril: suspensi\u00f3n de clases presenciales en todos los turnos por viento zonda\">[+]<\/a><\/p>\n","protected":false},"author":10055,"featured_media":10490,"comment_status":"open","ping_status":"open","sticky":false,"template":"","format":"standard","meta":[],"categories":[1,6],"tags":[261,260],"acf":[],"_links":{"self":[{"href":"https:\/\/ens9002-infd.mendoza.edu.ar\/sitio\/wp-json\/wp\/v2\/posts\/10489"}],"collection":[{"href":"https:\/\/ens9002-infd.mendoza.edu.ar\/sitio\/wp-json\/wp\/v2\/posts"}],"about":[{"href":"https:\/\/ens9002-infd.mendoza.edu.ar\/sitio\/wp-json\/wp\/v2\/types\/post"}],"author":[{"embeddable":true,"href":"https:\/\/ens9002-infd.mendoza.edu.ar\/sitio\/wp-json\/wp\/v2\/users\/10055"}],"replies":[{"embeddable":true,"href":"https:\/\/ens9002-infd.mendoza.edu.ar\/sitio\/wp-json\/wp\/v2\/comments?post=10489"}],"version-history":[{"count":2,"href":"https:\/\/ens9002-infd.mendoza.edu.ar\/sitio\/wp-json\/wp\/v2\/posts\/10489\/revisions"}],"predecessor-version":[{"id":10493,"href":"https:\/\/ens9002-infd.mendoza.edu.ar\/sitio\/wp-json\/wp\/v2\/posts\/10489\/revisions\/10493"}],"wp:featuredmedia":[{"embeddable":true,"href":"https:\/\/ens9002-infd.mendoza.edu.ar\/sitio\/wp-json\/wp\/v2\/media\/10490"}],"wp:attachment":[{"href":"https:\/\/ens9002-infd.mendoza.edu.ar\/sitio\/wp-json\/wp\/v2\/media?parent=10489"}],"wp:term":[{"taxonomy":"category","embeddable":true,"href":"https:\/\/ens9002-infd.mendoza.edu.ar\/sitio\/wp-json\/wp\/v2\/categories?post=10489"},{"taxonomy":"post_tag","embeddable":true,"href":"https:\/\/ens9002-infd.mendoza.edu.ar\/sitio\/wp-json\/wp\/v2\/tags?post=10489"}],"curies":[{"name":"wp","href":"https:\/\/api.w.org\/{rel}","templated":true}]}}