{"id":10494,"date":"2022-04-27T17:37:05","date_gmt":"2022-04-27T20:37:05","guid":{"rendered":"https:\/\/ens9002-infd.mendoza.edu.ar\/sitio\/?p=10494"},"modified":"2022-04-27T17:42:29","modified_gmt":"2022-04-27T20:42:29","slug":"comienza-en-el-instituto-ecopedagogia-un-paradigma-educativo-un-novedoso-curso-para-toda-la-comunidad","status":"publish","type":"post","link":"https:\/\/ens9002-infd.mendoza.edu.ar\/sitio\/comienza-en-el-instituto-ecopedagogia-un-paradigma-educativo-un-novedoso-curso-para-toda-la-comunidad\/","title":{"rendered":"Comienza en el instituto \u00abEcopedagog\u00eda, un paradigma educativo\u00bb, un novedoso curso para toda la comunidad"},"content":{"rendered":"\n<p>Frente a la eclosi\u00f3n que generaron los sistemas econ\u00f3micos de acumulaci\u00f3n y consumo y que pusieron al planeta al borde del abismo existencial, se precisa una escuela abierta a la realidad y que pueda educar desde la interculturalidad, aceptando las identidades y con respeto a los ciclos de&nbsp; la madre naturaleza. La <strong>Ecopedagog\u00eda<\/strong> invita a unir de modo arm\u00f3nico la educaci\u00f3n occidental y los saberes ancestrales que permitir\u00e1n recuperar formas de vida sustentables y justas que conmuevan al ser humano y lo transformen.<\/p>\n\n\n\n<p>Para promover y profundizar sobre estos postulados, el instituto lanza el curso<em> Ecopedagog\u00eda, un paradigma educativo<\/em> a partir del 7 de mayo, de 9 a 13 horas. La propuesta se dirige a estudiantes, docentes y a la comunidad en general. Se dictar\u00e1 en la instituci\u00f3n, bajo modalidad semipresencial y se desarrollar\u00e1 a lo largo de 9 encuentros. Estar\u00e1 a cargo del equipo docente integrado por Rub\u00e9n Esper Ader, Carolina Dichiara, Federico Esper Ader y Silvina Romo.<\/p>\n\n\n\n<p>Para conocer m\u00e1s informaci\u00f3n acerca de inscripciones, enviar un correo electr\u00f3nico a 9002jefaturaformacioncontinua@gmail.com<\/p>\n","protected":false},"excerpt":{"rendered":"<p>Frente a la eclosi\u00f3n que generaron los sistemas econ\u00f3micos de acumulaci\u00f3n y consumo y que pusieron al planeta al borde del abismo existencial, se precisa una escuela abierta a la realidad y que pueda educar desde la interculturalidad, aceptando las identidades y con respeto a los ciclos de&nbsp; la madre naturaleza. La Ecopedagog\u00eda invita a &#8230; <a title=\"Comienza en el instituto \u00abEcopedagog\u00eda, un paradigma educativo\u00bb, un novedoso curso para toda la comunidad\" class=\"read-more\" href=\"https:\/\/ens9002-infd.mendoza.edu.ar\/sitio\/comienza-en-el-instituto-ecopedagogia-un-paradigma-educativo-un-novedoso-curso-para-toda-la-comunidad\/\" aria-label=\"More on Comienza en el instituto \u00abEcopedagog\u00eda, un paradigma educativo\u00bb, un novedoso curso para toda la comunidad\">[+]<\/a><\/p>\n","protected":false},"author":10055,"featured_media":10495,"comment_status":"open","ping_status":"open","sticky":false,"template":"","format":"standard","meta":[],"categories":[6,1],"tags":[28,251,17],"acf":[],"_links":{"self":[{"href":"https:\/\/ens9002-infd.mendoza.edu.ar\/sitio\/wp-json\/wp\/v2\/posts\/10494"}],"collection":[{"href":"https:\/\/ens9002-infd.mendoza.edu.ar\/sitio\/wp-json\/wp\/v2\/posts"}],"about":[{"href":"https:\/\/ens9002-infd.mendoza.edu.ar\/sitio\/wp-json\/wp\/v2\/types\/post"}],"author":[{"embeddable":true,"href":"https:\/\/ens9002-infd.mendoza.edu.ar\/sitio\/wp-json\/wp\/v2\/users\/10055"}],"replies":[{"embeddable":true,"href":"https:\/\/ens9002-infd.mendoza.edu.ar\/sitio\/wp-json\/wp\/v2\/comments?post=10494"}],"version-history":[{"count":3,"href":"https:\/\/ens9002-infd.mendoza.edu.ar\/sitio\/wp-json\/wp\/v2\/posts\/10494\/revisions"}],"predecessor-version":[{"id":10498,"href":"https:\/\/ens9002-infd.mendoza.edu.ar\/sitio\/wp-json\/wp\/v2\/posts\/10494\/revisions\/10498"}],"wp:featuredmedia":[{"embeddable":true,"href":"https:\/\/ens9002-infd.mendoza.edu.ar\/sitio\/wp-json\/wp\/v2\/media\/10495"}],"wp:attachment":[{"href":"https:\/\/ens9002-infd.mendoza.edu.ar\/sitio\/wp-json\/wp\/v2\/media?parent=10494"}],"wp:term":[{"taxonomy":"category","embeddable":true,"href":"https:\/\/ens9002-infd.mendoza.edu.ar\/sitio\/wp-json\/wp\/v2\/categories?post=10494"},{"taxonomy":"post_tag","embeddable":true,"href":"https:\/\/ens9002-infd.mendoza.edu.ar\/sitio\/wp-json\/wp\/v2\/tags?post=10494"}],"curies":[{"name":"wp","href":"https:\/\/api.w.org\/{rel}","templated":true}]}}