{"id":10693,"date":"2022-05-26T22:22:39","date_gmt":"2022-05-27T01:22:39","guid":{"rendered":"https:\/\/ens9002-infd.mendoza.edu.ar\/sitio\/?p=10693"},"modified":"2022-05-26T22:22:41","modified_gmt":"2022-05-27T01:22:41","slug":"pies-calentitos-solidaridad-y-compromiso-en-la-nueva-campana-que-organiza-el-instituto","status":"publish","type":"post","link":"https:\/\/ens9002-infd.mendoza.edu.ar\/sitio\/pies-calentitos-solidaridad-y-compromiso-en-la-nueva-campana-que-organiza-el-instituto\/","title":{"rendered":"\u00abPies calentitos\u00bb, solidaridad y compromiso en la nueva campa\u00f1a que organiza el instituto"},"content":{"rendered":"\n<p>A partir de las complejas situaciones que golpean a la comunidad desde la pandemia en 2020, el instituto Tom\u00e1s Godoy Cruz organiza diversas acciones para acompa\u00f1ar al estudiantado y minorizar los efectos de la realidad econ\u00f3mica imperante. M\u00e1s a\u00fan, al inicio del ciclo lectivo se implementaron las inscripciones solidarias, en las que se invit\u00f3 a colaborar con dos litros de leche larga vida a cada estudiante que cursase durante este a\u00f1o. Las donaciones se distribuyeron entre miembros de la instituci\u00f3n y contin\u00faan entreg\u00e1ndose a comedores y merenderos de la provincia.<\/p>\n\n\n\n<p>Frente a las bajas temperaturas que ya comienzan a sentirse, es que se lanza la campa\u00f1a <em>Pies calentitos<\/em>, cuyo objetivo es reunir zapatillas en buen estado para ni\u00f1os y ni\u00f1as de entre 6 y 16 a\u00f1os, que se ofrecer\u00e1n en escuelas de distintos puntos de Mendoza. <\/p>\n\n\n\n<p>Quienes deseen colaborar, pueden acercar sus donaciones a la Cooperadora de la instituci\u00f3n de lunes a viernes, de 8.30 a 22 h.<\/p>\n","protected":false},"excerpt":{"rendered":"<p>A partir de las complejas situaciones que golpean a la comunidad desde la pandemia en 2020, el instituto Tom\u00e1s Godoy Cruz organiza diversas acciones para acompa\u00f1ar al estudiantado y minorizar los efectos de la realidad econ\u00f3mica imperante. M\u00e1s a\u00fan, al inicio del ciclo lectivo se implementaron las inscripciones solidarias, en las que se invit\u00f3 a &#8230; <a title=\"\u00abPies calentitos\u00bb, solidaridad y compromiso en la nueva campa\u00f1a que organiza el instituto\" class=\"read-more\" href=\"https:\/\/ens9002-infd.mendoza.edu.ar\/sitio\/pies-calentitos-solidaridad-y-compromiso-en-la-nueva-campana-que-organiza-el-instituto\/\" aria-label=\"More on \u00abPies calentitos\u00bb, solidaridad y compromiso en la nueva campa\u00f1a que organiza el instituto\">[+]<\/a><\/p>\n","protected":false},"author":10055,"featured_media":10694,"comment_status":"open","ping_status":"open","sticky":false,"template":"","format":"standard","meta":[],"categories":[1,6],"tags":[275,274],"acf":[],"_links":{"self":[{"href":"https:\/\/ens9002-infd.mendoza.edu.ar\/sitio\/wp-json\/wp\/v2\/posts\/10693"}],"collection":[{"href":"https:\/\/ens9002-infd.mendoza.edu.ar\/sitio\/wp-json\/wp\/v2\/posts"}],"about":[{"href":"https:\/\/ens9002-infd.mendoza.edu.ar\/sitio\/wp-json\/wp\/v2\/types\/post"}],"author":[{"embeddable":true,"href":"https:\/\/ens9002-infd.mendoza.edu.ar\/sitio\/wp-json\/wp\/v2\/users\/10055"}],"replies":[{"embeddable":true,"href":"https:\/\/ens9002-infd.mendoza.edu.ar\/sitio\/wp-json\/wp\/v2\/comments?post=10693"}],"version-history":[{"count":1,"href":"https:\/\/ens9002-infd.mendoza.edu.ar\/sitio\/wp-json\/wp\/v2\/posts\/10693\/revisions"}],"predecessor-version":[{"id":10695,"href":"https:\/\/ens9002-infd.mendoza.edu.ar\/sitio\/wp-json\/wp\/v2\/posts\/10693\/revisions\/10695"}],"wp:featuredmedia":[{"embeddable":true,"href":"https:\/\/ens9002-infd.mendoza.edu.ar\/sitio\/wp-json\/wp\/v2\/media\/10694"}],"wp:attachment":[{"href":"https:\/\/ens9002-infd.mendoza.edu.ar\/sitio\/wp-json\/wp\/v2\/media?parent=10693"}],"wp:term":[{"taxonomy":"category","embeddable":true,"href":"https:\/\/ens9002-infd.mendoza.edu.ar\/sitio\/wp-json\/wp\/v2\/categories?post=10693"},{"taxonomy":"post_tag","embeddable":true,"href":"https:\/\/ens9002-infd.mendoza.edu.ar\/sitio\/wp-json\/wp\/v2\/tags?post=10693"}],"curies":[{"name":"wp","href":"https:\/\/api.w.org\/{rel}","templated":true}]}}