{"id":11212,"date":"2022-08-09T15:58:27","date_gmt":"2022-08-09T18:58:27","guid":{"rendered":"https:\/\/ens9002-infd.mendoza.edu.ar\/sitio\/?p=11212"},"modified":"2022-08-09T15:58:29","modified_gmt":"2022-08-09T18:58:29","slug":"habra-reunion-informativa-sobre-vencimiento-de-periodo-de-terminalidad-de-carrera","status":"publish","type":"post","link":"https:\/\/ens9002-infd.mendoza.edu.ar\/sitio\/habra-reunion-informativa-sobre-vencimiento-de-periodo-de-terminalidad-de-carrera\/","title":{"rendered":"Habr\u00e1 reuni\u00f3n informativa sobre vencimiento de periodo de terminalidad de carrera"},"content":{"rendered":"\n<p>Las autoridades del Instituto Tom\u00e1s Godoy Cruz convocan a estudiantes de todos los profesorados que hayan ingresado antes del a\u00f1o 2012, a una reuni\u00f3n\u00a0informativa sobre vencimiento de periodo de terminalidad de la carrera seg\u00fan Resoluci\u00f3n 170-CGES-2022 &#8211;<a href=\"https:\/\/ens9002-infd.mendoza.edu.ar\/sitio\/wp-content\/uploads\/2022\/08\/RESOL-2022-170-GDEMZA-CGESDGE-Extension-de-plazo-para-terminalidad-de-carreras-de-Nivel-Superior-CGES.pdf\" data-type=\"URL\" data-id=\"https:\/\/ens9002-infd.mendoza.edu.ar\/sitio\/wp-content\/uploads\/2022\/08\/RESOL-2022-170-GDEMZA-CGESDGE-Extension-de-plazo-para-terminalidad-de-carreras-de-Nivel-Superior-CGES.pdf\" target=\"_blank\" rel=\"noreferrer noopener\">clic aqu\u00ed para acceder<\/a>-. La cita ser\u00e1 el viernes 12 de agosto del corriente, a las 19:30 horas en la instituci\u00f3n.<\/p>\n","protected":false},"excerpt":{"rendered":"<p>Las autoridades del Instituto Tom\u00e1s Godoy Cruz convocan a estudiantes de todos los profesorados que hayan ingresado antes del a\u00f1o 2012, a una reuni\u00f3n\u00a0informativa sobre vencimiento de periodo de terminalidad de la carrera seg\u00fan Resoluci\u00f3n 170-CGES-2022 &#8211;clic aqu\u00ed para acceder-. La cita ser\u00e1 el viernes 12 de agosto del corriente, a las 19:30 horas en &#8230; <a title=\"Habr\u00e1 reuni\u00f3n informativa sobre vencimiento de periodo de terminalidad de carrera\" class=\"read-more\" href=\"https:\/\/ens9002-infd.mendoza.edu.ar\/sitio\/habra-reunion-informativa-sobre-vencimiento-de-periodo-de-terminalidad-de-carrera\/\" aria-label=\"More on Habr\u00e1 reuni\u00f3n informativa sobre vencimiento de periodo de terminalidad de carrera\">[+]<\/a><\/p>\n","protected":false},"author":10055,"featured_media":7427,"comment_status":"open","ping_status":"open","sticky":false,"template":"","format":"standard","meta":[],"categories":[1,6],"tags":[305,273,272],"acf":[],"_links":{"self":[{"href":"https:\/\/ens9002-infd.mendoza.edu.ar\/sitio\/wp-json\/wp\/v2\/posts\/11212"}],"collection":[{"href":"https:\/\/ens9002-infd.mendoza.edu.ar\/sitio\/wp-json\/wp\/v2\/posts"}],"about":[{"href":"https:\/\/ens9002-infd.mendoza.edu.ar\/sitio\/wp-json\/wp\/v2\/types\/post"}],"author":[{"embeddable":true,"href":"https:\/\/ens9002-infd.mendoza.edu.ar\/sitio\/wp-json\/wp\/v2\/users\/10055"}],"replies":[{"embeddable":true,"href":"https:\/\/ens9002-infd.mendoza.edu.ar\/sitio\/wp-json\/wp\/v2\/comments?post=11212"}],"version-history":[{"count":1,"href":"https:\/\/ens9002-infd.mendoza.edu.ar\/sitio\/wp-json\/wp\/v2\/posts\/11212\/revisions"}],"predecessor-version":[{"id":11213,"href":"https:\/\/ens9002-infd.mendoza.edu.ar\/sitio\/wp-json\/wp\/v2\/posts\/11212\/revisions\/11213"}],"wp:featuredmedia":[{"embeddable":true,"href":"https:\/\/ens9002-infd.mendoza.edu.ar\/sitio\/wp-json\/wp\/v2\/media\/7427"}],"wp:attachment":[{"href":"https:\/\/ens9002-infd.mendoza.edu.ar\/sitio\/wp-json\/wp\/v2\/media?parent=11212"}],"wp:term":[{"taxonomy":"category","embeddable":true,"href":"https:\/\/ens9002-infd.mendoza.edu.ar\/sitio\/wp-json\/wp\/v2\/categories?post=11212"},{"taxonomy":"post_tag","embeddable":true,"href":"https:\/\/ens9002-infd.mendoza.edu.ar\/sitio\/wp-json\/wp\/v2\/tags?post=11212"}],"curies":[{"name":"wp","href":"https:\/\/api.w.org\/{rel}","templated":true}]}}