{"id":11353,"date":"2022-08-19T21:36:26","date_gmt":"2022-08-20T00:36:26","guid":{"rendered":"https:\/\/ens9002-infd.mendoza.edu.ar\/sitio\/?p=11353"},"modified":"2022-08-19T21:36:27","modified_gmt":"2022-08-20T00:36:27","slug":"dictaran-capacitacion-sobre-prevencion-sismica-y-accidentes-para-estudiantes-del-ies-tomas-godoy-cruz","status":"publish","type":"post","link":"https:\/\/ens9002-infd.mendoza.edu.ar\/sitio\/dictaran-capacitacion-sobre-prevencion-sismica-y-accidentes-para-estudiantes-del-ies-tomas-godoy-cruz\/","title":{"rendered":"Dictar\u00e1n capacitaci\u00f3n sobre prevenci\u00f3n s\u00edsmica y accidentes para estudiantes del IES Tom\u00e1s Godoy Cruz"},"content":{"rendered":"\n<p>La Coordinaci\u00f3n de Educaci\u00f3n Superior organiz\u00f3 un cronograma de encuentros de formaci\u00f3n bajo la denominaci\u00f3n <em>Plan de contingencia: prevenci\u00f3n s\u00edsmica y accidentes<\/em>. Las capacitaciones estar\u00e1n a cargo de docentes y estudiantes de la tecnicatura en Higiene y seguridad. Podr\u00e1n participar estudiantes de 4\u00b0 a\u00f1o de profesorados y de 1\u00b0, 2\u00b0 y 3\u00b0 de carreras t\u00e9cnicas. En esta oportunidad, se abordar\u00e1 la tem\u00e1tica Plan de contingencias y Brigadas.<\/p>\n\n\n\n<p>En el instituto Tom\u00e1s Godoy Cruz, la cita ser\u00e1 el martes 23 de agosto, de 19 a 20 horas en el sal\u00f3n de actos de la Escuela Normal Secundaria Tom\u00e1s Godoy Cruz. Para participar, inscribirse previamente <a rel=\"noreferrer noopener\" href=\"https:\/\/docs.google.com\/forms\/d\/e\/1FAIpQLSfMznokzYZut9qu3StbgFd-LGo4_KsJpaM3I_7AYYDeykPwUw\/viewform?vc=0&amp;c=0&amp;w=1&amp;flr=0\" data-type=\"URL\" data-id=\"https:\/\/docs.google.com\/forms\/d\/e\/1FAIpQLSfMznokzYZut9qu3StbgFd-LGo4_KsJpaM3I_7AYYDeykPwUw\/viewform?vc=0&amp;c=0&amp;w=1&amp;flr=0\" target=\"_blank\">aqu\u00ed<\/a>. Se extender\u00e1 certificado de asistencia como cr\u00e9dito para horas de pr\u00e1ctica profesional, a trav\u00e9s del GEM.<\/p>\n","protected":false},"excerpt":{"rendered":"<p>La Coordinaci\u00f3n de Educaci\u00f3n Superior organiz\u00f3 un cronograma de encuentros de formaci\u00f3n bajo la denominaci\u00f3n Plan de contingencia: prevenci\u00f3n s\u00edsmica y accidentes. Las capacitaciones estar\u00e1n a cargo de docentes y estudiantes de la tecnicatura en Higiene y seguridad. Podr\u00e1n participar estudiantes de 4\u00b0 a\u00f1o de profesorados y de 1\u00b0, 2\u00b0 y 3\u00b0 de carreras t\u00e9cnicas. &#8230; <a title=\"Dictar\u00e1n capacitaci\u00f3n sobre prevenci\u00f3n s\u00edsmica y accidentes para estudiantes del IES Tom\u00e1s Godoy Cruz\" class=\"read-more\" href=\"https:\/\/ens9002-infd.mendoza.edu.ar\/sitio\/dictaran-capacitacion-sobre-prevencion-sismica-y-accidentes-para-estudiantes-del-ies-tomas-godoy-cruz\/\" aria-label=\"More on Dictar\u00e1n capacitaci\u00f3n sobre prevenci\u00f3n s\u00edsmica y accidentes para estudiantes del IES Tom\u00e1s Godoy Cruz\">[+]<\/a><\/p>\n","protected":false},"author":10055,"featured_media":11354,"comment_status":"open","ping_status":"open","sticky":false,"template":"","format":"standard","meta":[],"categories":[1,6],"tags":[306,307],"acf":[],"_links":{"self":[{"href":"https:\/\/ens9002-infd.mendoza.edu.ar\/sitio\/wp-json\/wp\/v2\/posts\/11353"}],"collection":[{"href":"https:\/\/ens9002-infd.mendoza.edu.ar\/sitio\/wp-json\/wp\/v2\/posts"}],"about":[{"href":"https:\/\/ens9002-infd.mendoza.edu.ar\/sitio\/wp-json\/wp\/v2\/types\/post"}],"author":[{"embeddable":true,"href":"https:\/\/ens9002-infd.mendoza.edu.ar\/sitio\/wp-json\/wp\/v2\/users\/10055"}],"replies":[{"embeddable":true,"href":"https:\/\/ens9002-infd.mendoza.edu.ar\/sitio\/wp-json\/wp\/v2\/comments?post=11353"}],"version-history":[{"count":1,"href":"https:\/\/ens9002-infd.mendoza.edu.ar\/sitio\/wp-json\/wp\/v2\/posts\/11353\/revisions"}],"predecessor-version":[{"id":11355,"href":"https:\/\/ens9002-infd.mendoza.edu.ar\/sitio\/wp-json\/wp\/v2\/posts\/11353\/revisions\/11355"}],"wp:featuredmedia":[{"embeddable":true,"href":"https:\/\/ens9002-infd.mendoza.edu.ar\/sitio\/wp-json\/wp\/v2\/media\/11354"}],"wp:attachment":[{"href":"https:\/\/ens9002-infd.mendoza.edu.ar\/sitio\/wp-json\/wp\/v2\/media?parent=11353"}],"wp:term":[{"taxonomy":"category","embeddable":true,"href":"https:\/\/ens9002-infd.mendoza.edu.ar\/sitio\/wp-json\/wp\/v2\/categories?post=11353"},{"taxonomy":"post_tag","embeddable":true,"href":"https:\/\/ens9002-infd.mendoza.edu.ar\/sitio\/wp-json\/wp\/v2\/tags?post=11353"}],"curies":[{"name":"wp","href":"https:\/\/api.w.org\/{rel}","templated":true}]}}