{"id":12801,"date":"2023-03-15T15:50:21","date_gmt":"2023-03-15T18:50:21","guid":{"rendered":"https:\/\/ens9002-infd.mendoza.edu.ar\/sitio\/?p=12801"},"modified":"2023-03-15T15:50:23","modified_gmt":"2023-03-15T18:50:23","slug":"arranca-la-segunda-cohorte-del-postitulo-propuestas-pedagogicas-desde-el-enfoque-neurodidactico","status":"publish","type":"post","link":"https:\/\/ens9002-infd.mendoza.edu.ar\/sitio\/arranca-la-segunda-cohorte-del-postitulo-propuestas-pedagogicas-desde-el-enfoque-neurodidactico\/","title":{"rendered":"Arranca la segunda cohorte del post\u00edtulo Propuestas Pedag\u00f3gicas desde el enfoque Neurodid\u00e1ctico"},"content":{"rendered":"\n<p>De acuerdo a los m\u00faltiples desaf\u00edos que presenta la educaci\u00f3n en el siglo XXI, es necesario capacitarse de modo permanente. Por eso y en virtud del gran \u00e9xito de la primera cohorte, el instituto Tom\u00e1s Godoy Cruz abre las inscripciones para la actualizaci\u00f3n acad\u00e9mica Propuestas Pedag\u00f3gicas desde el enfoque Neurodid\u00e1ctico. El espacio se cursar\u00e1 a partir de mayo bajo modalidad semipresencial. El post\u00edtulo cuenta con resoluci\u00f3n otorgada por la Direcci\u00f3n General de Escuelas \u2013<a rel=\"noreferrer noopener\" href=\"https:\/\/ens9002-infd.mendoza.edu.ar\/sitio\/wp-content\/uploads\/2022\/05\/RESOL-2022-1407-GDEMZA-DGE-Actualizacion-Academica-en-Propuestas-Pedagogicas-desde-el-enfoque-Neurodidactico-%E2%80%93-IES-9-002.pdf\" target=\"_blank\">clic aqu\u00ed para acceder<\/a>\u2013 y se destina a docentes y personal directivo y de supervisi\u00f3n de todos los niveles y modalidades del sistema educativo.<\/p>\n\n\n\n<p>Bajo la coordinaci\u00f3n de la Licenciada Coach Roxana Sillero, durante la cursada se establecer\u00e1n puentes entre las&nbsp;<strong>Neurociencias<\/strong>&nbsp;(Neurolog\u00eda) y las pr\u00e1cticas educativas (<strong>Ciencias de la Educaci\u00f3n<\/strong>) para repensar los procesos de ense\u00f1anza aprendizaje, en virtud del funcionamiento del cerebro. A su vez, el&nbsp;<strong>Coaching educativo<\/strong>&nbsp;-que hunde sus ra\u00edces en las Neurociencias- proveer\u00e1 otras perspectivas que potencian las capacidades individuales y grupales.<\/p>\n\n\n\n<p>Para acceder a m\u00e1s informaci\u00f3n, escribir un correo electr\u00f3nico a&nbsp;<a href=\"mailto:9002jefaturaformacioncontinua@gmail.com\" target=\"_blank\" rel=\"noreferrer noopener\">9002jefaturaformacioncontinua@gmail.com<\/a><\/p>\n","protected":false},"excerpt":{"rendered":"<p>De acuerdo a los m\u00faltiples desaf\u00edos que presenta la educaci\u00f3n en el siglo XXI, es necesario capacitarse de modo permanente. Por eso y en virtud del gran \u00e9xito de la primera cohorte, el instituto Tom\u00e1s Godoy Cruz abre las inscripciones para la actualizaci\u00f3n acad\u00e9mica Propuestas Pedag\u00f3gicas desde el enfoque Neurodid\u00e1ctico. El espacio se cursar\u00e1 a &#8230; <a title=\"Arranca la segunda cohorte del post\u00edtulo Propuestas Pedag\u00f3gicas desde el enfoque Neurodid\u00e1ctico\" class=\"read-more\" href=\"https:\/\/ens9002-infd.mendoza.edu.ar\/sitio\/arranca-la-segunda-cohorte-del-postitulo-propuestas-pedagogicas-desde-el-enfoque-neurodidactico\/\" aria-label=\"More on Arranca la segunda cohorte del post\u00edtulo Propuestas Pedag\u00f3gicas desde el enfoque Neurodid\u00e1ctico\">[+]<\/a><\/p>\n","protected":false},"author":10055,"featured_media":12802,"comment_status":"open","ping_status":"open","sticky":false,"template":"","format":"standard","meta":[],"categories":[1,6],"tags":[360,67,361,238],"acf":[],"_links":{"self":[{"href":"https:\/\/ens9002-infd.mendoza.edu.ar\/sitio\/wp-json\/wp\/v2\/posts\/12801"}],"collection":[{"href":"https:\/\/ens9002-infd.mendoza.edu.ar\/sitio\/wp-json\/wp\/v2\/posts"}],"about":[{"href":"https:\/\/ens9002-infd.mendoza.edu.ar\/sitio\/wp-json\/wp\/v2\/types\/post"}],"author":[{"embeddable":true,"href":"https:\/\/ens9002-infd.mendoza.edu.ar\/sitio\/wp-json\/wp\/v2\/users\/10055"}],"replies":[{"embeddable":true,"href":"https:\/\/ens9002-infd.mendoza.edu.ar\/sitio\/wp-json\/wp\/v2\/comments?post=12801"}],"version-history":[{"count":1,"href":"https:\/\/ens9002-infd.mendoza.edu.ar\/sitio\/wp-json\/wp\/v2\/posts\/12801\/revisions"}],"predecessor-version":[{"id":12803,"href":"https:\/\/ens9002-infd.mendoza.edu.ar\/sitio\/wp-json\/wp\/v2\/posts\/12801\/revisions\/12803"}],"wp:featuredmedia":[{"embeddable":true,"href":"https:\/\/ens9002-infd.mendoza.edu.ar\/sitio\/wp-json\/wp\/v2\/media\/12802"}],"wp:attachment":[{"href":"https:\/\/ens9002-infd.mendoza.edu.ar\/sitio\/wp-json\/wp\/v2\/media?parent=12801"}],"wp:term":[{"taxonomy":"category","embeddable":true,"href":"https:\/\/ens9002-infd.mendoza.edu.ar\/sitio\/wp-json\/wp\/v2\/categories?post=12801"},{"taxonomy":"post_tag","embeddable":true,"href":"https:\/\/ens9002-infd.mendoza.edu.ar\/sitio\/wp-json\/wp\/v2\/tags?post=12801"}],"curies":[{"name":"wp","href":"https:\/\/api.w.org\/{rel}","templated":true}]}}