{"id":13068,"date":"2023-04-12T14:23:04","date_gmt":"2023-04-12T17:23:04","guid":{"rendered":"https:\/\/ens9002-infd.mendoza.edu.ar\/sitio\/?p=13068"},"modified":"2023-04-12T18:52:47","modified_gmt":"2023-04-12T21:52:47","slug":"en-el-dia-mundial-de-la-voz-el-proauvoz-realizara-evaluaciones-vocales-gratuitas","status":"publish","type":"post","link":"https:\/\/ens9002-infd.mendoza.edu.ar\/sitio\/en-el-dia-mundial-de-la-voz-el-proauvoz-realizara-evaluaciones-vocales-gratuitas\/","title":{"rendered":"En el D\u00eda Mundial de la Voz, el PROAUVOZ realizar\u00e1 evaluaciones vocales gratuitas"},"content":{"rendered":"\n<p>La Federaci\u00f3n de Sociedades de Otorrinolaringolog\u00eda declar\u00f3 el 16 de abril como el <strong>D\u00eda Mundial de la Voz<\/strong>, con el objetivo de&nbsp;<strong>crear conciencia sobre su importancia, as\u00ed como los cuidados que se deben tener para evitar problemas relacionados con las cuerdas vocales<\/strong>.<\/p>\n\n\n\n<p>En este marco, el <strong>Programa de Autocuidado de la Voz en la Docencia<\/strong> (PROAUVOZ) ofrecer\u00e1 practicar <strong>evaluaciones vocales gratuitas a docentes y estudiantes residentes<\/strong>, que permitir\u00e1n diagnosticar disfon\u00edas funcionales y org\u00e1nicas, severidad y pron\u00f3stico. En el caso de que las hubiere, la evaluaci\u00f3n vocal se debe complementar con el examen ORL.<\/p>\n\n\n\n<p>La actividad se desarrollar\u00e1 el lunes 17 y martes 18 de abril, de 8 a 13 horas en el instituto Tom\u00e1s Godoy Cruz (oficina de SOTAP). Se atender\u00e1n a 25 personas por jornada (5 por hora). Para participar, <a rel=\"noreferrer noopener\" href=\"https:\/\/docs.google.com\/forms\/d\/e\/1FAIpQLSfPLp2xmpR9_2v9tewGFqK7Aj7nr72w74b6dkSa5VbDJDM8wA\/viewform\" data-type=\"URL\" data-id=\"https:\/\/docs.google.com\/forms\/d\/e\/1FAIpQLSfPLp2xmpR9_2v9tewGFqK7Aj7nr72w74b6dkSa5VbDJDM8wA\/viewform\" target=\"_blank\">inscribirse aqu\u00ed<\/a>.<\/p>\n","protected":false},"excerpt":{"rendered":"<p>La Federaci\u00f3n de Sociedades de Otorrinolaringolog\u00eda declar\u00f3 el 16 de abril como el D\u00eda Mundial de la Voz, con el objetivo de&nbsp;crear conciencia sobre su importancia, as\u00ed como los cuidados que se deben tener para evitar problemas relacionados con las cuerdas vocales. En este marco, el Programa de Autocuidado de la Voz en la Docencia &#8230; <a title=\"En el D\u00eda Mundial de la Voz, el PROAUVOZ realizar\u00e1 evaluaciones vocales gratuitas\" class=\"read-more\" href=\"https:\/\/ens9002-infd.mendoza.edu.ar\/sitio\/en-el-dia-mundial-de-la-voz-el-proauvoz-realizara-evaluaciones-vocales-gratuitas\/\" aria-label=\"More on En el D\u00eda Mundial de la Voz, el PROAUVOZ realizar\u00e1 evaluaciones vocales gratuitas\">[+]<\/a><\/p>\n","protected":false},"author":10055,"featured_media":13069,"comment_status":"open","ping_status":"open","sticky":false,"template":"","format":"standard","meta":[],"categories":[1,6],"tags":[368,370,369],"acf":[],"_links":{"self":[{"href":"https:\/\/ens9002-infd.mendoza.edu.ar\/sitio\/wp-json\/wp\/v2\/posts\/13068"}],"collection":[{"href":"https:\/\/ens9002-infd.mendoza.edu.ar\/sitio\/wp-json\/wp\/v2\/posts"}],"about":[{"href":"https:\/\/ens9002-infd.mendoza.edu.ar\/sitio\/wp-json\/wp\/v2\/types\/post"}],"author":[{"embeddable":true,"href":"https:\/\/ens9002-infd.mendoza.edu.ar\/sitio\/wp-json\/wp\/v2\/users\/10055"}],"replies":[{"embeddable":true,"href":"https:\/\/ens9002-infd.mendoza.edu.ar\/sitio\/wp-json\/wp\/v2\/comments?post=13068"}],"version-history":[{"count":3,"href":"https:\/\/ens9002-infd.mendoza.edu.ar\/sitio\/wp-json\/wp\/v2\/posts\/13068\/revisions"}],"predecessor-version":[{"id":13073,"href":"https:\/\/ens9002-infd.mendoza.edu.ar\/sitio\/wp-json\/wp\/v2\/posts\/13068\/revisions\/13073"}],"wp:featuredmedia":[{"embeddable":true,"href":"https:\/\/ens9002-infd.mendoza.edu.ar\/sitio\/wp-json\/wp\/v2\/media\/13069"}],"wp:attachment":[{"href":"https:\/\/ens9002-infd.mendoza.edu.ar\/sitio\/wp-json\/wp\/v2\/media?parent=13068"}],"wp:term":[{"taxonomy":"category","embeddable":true,"href":"https:\/\/ens9002-infd.mendoza.edu.ar\/sitio\/wp-json\/wp\/v2\/categories?post=13068"},{"taxonomy":"post_tag","embeddable":true,"href":"https:\/\/ens9002-infd.mendoza.edu.ar\/sitio\/wp-json\/wp\/v2\/tags?post=13068"}],"curies":[{"name":"wp","href":"https:\/\/api.w.org\/{rel}","templated":true}]}}