{"id":13268,"date":"2023-05-24T16:23:11","date_gmt":"2023-05-24T19:23:11","guid":{"rendered":"https:\/\/ens9002-infd.mendoza.edu.ar\/sitio\/?p=13268"},"modified":"2023-05-24T16:23:13","modified_gmt":"2023-05-24T19:23:13","slug":"3j-ni-una-menos-reinstalacion-del-banco-rojo-y-actividades-institucionales-de-concientizacion","status":"publish","type":"post","link":"https:\/\/ens9002-infd.mendoza.edu.ar\/sitio\/3j-ni-una-menos-reinstalacion-del-banco-rojo-y-actividades-institucionales-de-concientizacion\/","title":{"rendered":"#3J Ni una menos:  reinstalaci\u00f3n del banco rojo y actividades institucionales de concientizaci\u00f3n"},"content":{"rendered":"\n<p>En el marco de la jornada <strong>Ni una menos<\/strong> del pr\u00f3ximo 3 de junio (fecha destinada a visibilizar la violencia por motivos de g\u00e9nero) en el instituto Tom\u00e1s Godoy Cruz se desarrollar\u00e1n diversas acciones. Por una parte, a partir de las 9 horas tendr\u00e1 el lugar el taller <em>\u00ab\u00a1Vivas nos queremos! Por una vida libre de violencias\u00bb<\/em> en el espacio de la Escuela Popular de G\u00e9nero y Diversidad Educaci\u00f3n en movimiento: (des)aprender para transformar que funciona en la instituci\u00f3n. En el mismo evento, se presentar\u00e1 la Consejer\u00eda en Violencia de G\u00e9nero, Sexualidades e Identidades del Tom\u00e1s Godoy Cruz -para participar, inscribirse <a rel=\"noreferrer noopener\" href=\"https:\/\/docs.google.com\/forms\/d\/e\/1FAIpQLSdQ9Ls4wo1V2kKOEICVlv5g4aSTowVVOOADXTsBiT6lu2K4-A\/viewform?usp=pp_url\" data-type=\"URL\" data-id=\"https:\/\/docs.google.com\/forms\/d\/e\/1FAIpQLSdQ9Ls4wo1V2kKOEICVlv5g4aSTowVVOOADXTsBiT6lu2K4-A\/viewform?usp=pp_url\" target=\"_blank\">desde aqu\u00ed<\/a>-.<\/p>\n\n\n\n<p>A partir de las 12 horas se reinstalar\u00e1 en el boulevard de calle Mitre, el <strong>banco rojo <\/strong>que conmemora a todas las v\u00edctimas de violencia de g\u00e9nero y femicidios y que se fij\u00f3 en el mismo sitio en 2019 (su colocaci\u00f3n estuvo a cargo de la comunidad educativa de nuestra casa de estudios). A su vez, habr\u00e1 una intervenci\u00f3n art\u00edstica a cargo de la docente Silvana Puccio -profesora del espacio <em>Lenguajes Art\u00edsticos<\/em> en el IES Tom\u00e1s Godoy Cruz- con la participaci\u00f3n de la c\u00e1tedra libre <em>Cuerpos, G\u00e9neros, Pr\u00e1cticas Art\u00edsticas y Proyectuales<\/em> de la UNCuyo. Participar\u00e1 la artista pl\u00e1stica y cantautora Cristina P\u00e9rez, que expondr\u00e1 sus obras y brindar\u00e1 un espect\u00e1culo de m\u00fasica en vivo.<\/p>\n","protected":false},"excerpt":{"rendered":"<p>En el marco de la jornada Ni una menos del pr\u00f3ximo 3 de junio (fecha destinada a visibilizar la violencia por motivos de g\u00e9nero) en el instituto Tom\u00e1s Godoy Cruz se desarrollar\u00e1n diversas acciones. Por una parte, a partir de las 9 horas tendr\u00e1 el lugar el taller \u00ab\u00a1Vivas nos queremos! Por una vida libre &#8230; <a title=\"#3J Ni una menos:  reinstalaci\u00f3n del banco rojo y actividades institucionales de concientizaci\u00f3n\" class=\"read-more\" href=\"https:\/\/ens9002-infd.mendoza.edu.ar\/sitio\/3j-ni-una-menos-reinstalacion-del-banco-rojo-y-actividades-institucionales-de-concientizacion\/\" aria-label=\"More on #3J Ni una menos:  reinstalaci\u00f3n del banco rojo y actividades institucionales de concientizaci\u00f3n\">[+]<\/a><\/p>\n","protected":false},"author":10055,"featured_media":13269,"comment_status":"open","ping_status":"open","sticky":false,"template":"","format":"standard","meta":[],"categories":[1,6],"tags":[377,279,378],"acf":[],"_links":{"self":[{"href":"https:\/\/ens9002-infd.mendoza.edu.ar\/sitio\/wp-json\/wp\/v2\/posts\/13268"}],"collection":[{"href":"https:\/\/ens9002-infd.mendoza.edu.ar\/sitio\/wp-json\/wp\/v2\/posts"}],"about":[{"href":"https:\/\/ens9002-infd.mendoza.edu.ar\/sitio\/wp-json\/wp\/v2\/types\/post"}],"author":[{"embeddable":true,"href":"https:\/\/ens9002-infd.mendoza.edu.ar\/sitio\/wp-json\/wp\/v2\/users\/10055"}],"replies":[{"embeddable":true,"href":"https:\/\/ens9002-infd.mendoza.edu.ar\/sitio\/wp-json\/wp\/v2\/comments?post=13268"}],"version-history":[{"count":1,"href":"https:\/\/ens9002-infd.mendoza.edu.ar\/sitio\/wp-json\/wp\/v2\/posts\/13268\/revisions"}],"predecessor-version":[{"id":13270,"href":"https:\/\/ens9002-infd.mendoza.edu.ar\/sitio\/wp-json\/wp\/v2\/posts\/13268\/revisions\/13270"}],"wp:featuredmedia":[{"embeddable":true,"href":"https:\/\/ens9002-infd.mendoza.edu.ar\/sitio\/wp-json\/wp\/v2\/media\/13269"}],"wp:attachment":[{"href":"https:\/\/ens9002-infd.mendoza.edu.ar\/sitio\/wp-json\/wp\/v2\/media?parent=13268"}],"wp:term":[{"taxonomy":"category","embeddable":true,"href":"https:\/\/ens9002-infd.mendoza.edu.ar\/sitio\/wp-json\/wp\/v2\/categories?post=13268"},{"taxonomy":"post_tag","embeddable":true,"href":"https:\/\/ens9002-infd.mendoza.edu.ar\/sitio\/wp-json\/wp\/v2\/tags?post=13268"}],"curies":[{"name":"wp","href":"https:\/\/api.w.org\/{rel}","templated":true}]}}