{"id":14284,"date":"2023-11-16T15:05:05","date_gmt":"2023-11-16T18:05:05","guid":{"rendered":"https:\/\/ens9002-infd.mendoza.edu.ar\/sitio\/?p=14284"},"modified":"2023-11-16T15:05:16","modified_gmt":"2023-11-16T18:05:16","slug":"viento-zonda-se-suspenden-las-actividades-presenciales-para-el-17-de-noviembre","status":"publish","type":"post","link":"https:\/\/ens9002-infd.mendoza.edu.ar\/sitio\/viento-zonda-se-suspenden-las-actividades-presenciales-para-el-17-de-noviembre\/","title":{"rendered":"Viento zonda: se suspenden las actividades presenciales para el 17 de noviembre"},"content":{"rendered":"\n<p>De acuerdo al pron\u00f3stico arrojado por el Servicio Meteorol\u00f3gico Nacional y conforme a la recomendaci\u00f3n de Defensa Civil, no se desarrollar\u00e1n actividades presenciales en el instituto durante la jornada del viernes 17 de noviembre, en ninguno de sus turnos.<\/p>\n\n\n\n<p>Los talleres de ingreso que comenzaban ma\u00f1ana 17\/11 lo har\u00e1n el 24\/11 (a excepci\u00f3n del taller GADI, con fecha de inicio a definir).<\/p>\n","protected":false},"excerpt":{"rendered":"<p>De acuerdo al pron\u00f3stico arrojado por el Servicio Meteorol\u00f3gico Nacional y conforme a la recomendaci\u00f3n de Defensa Civil, no se desarrollar\u00e1n actividades presenciales en el instituto durante la jornada del viernes 17 de noviembre, en ninguno de sus turnos. Los talleres de ingreso que comenzaban ma\u00f1ana 17\/11 lo har\u00e1n el 24\/11 (a excepci\u00f3n del taller &#8230; <a title=\"Viento zonda: se suspenden las actividades presenciales para el 17 de noviembre\" class=\"read-more\" href=\"https:\/\/ens9002-infd.mendoza.edu.ar\/sitio\/viento-zonda-se-suspenden-las-actividades-presenciales-para-el-17-de-noviembre\/\" aria-label=\"More on Viento zonda: se suspenden las actividades presenciales para el 17 de noviembre\">[+]<\/a><\/p>\n","protected":false},"author":10055,"featured_media":10490,"comment_status":"open","ping_status":"open","sticky":false,"template":"","format":"standard","meta":[],"categories":[1,6],"tags":[215,260],"acf":[],"_links":{"self":[{"href":"https:\/\/ens9002-infd.mendoza.edu.ar\/sitio\/wp-json\/wp\/v2\/posts\/14284"}],"collection":[{"href":"https:\/\/ens9002-infd.mendoza.edu.ar\/sitio\/wp-json\/wp\/v2\/posts"}],"about":[{"href":"https:\/\/ens9002-infd.mendoza.edu.ar\/sitio\/wp-json\/wp\/v2\/types\/post"}],"author":[{"embeddable":true,"href":"https:\/\/ens9002-infd.mendoza.edu.ar\/sitio\/wp-json\/wp\/v2\/users\/10055"}],"replies":[{"embeddable":true,"href":"https:\/\/ens9002-infd.mendoza.edu.ar\/sitio\/wp-json\/wp\/v2\/comments?post=14284"}],"version-history":[{"count":1,"href":"https:\/\/ens9002-infd.mendoza.edu.ar\/sitio\/wp-json\/wp\/v2\/posts\/14284\/revisions"}],"predecessor-version":[{"id":14285,"href":"https:\/\/ens9002-infd.mendoza.edu.ar\/sitio\/wp-json\/wp\/v2\/posts\/14284\/revisions\/14285"}],"wp:featuredmedia":[{"embeddable":true,"href":"https:\/\/ens9002-infd.mendoza.edu.ar\/sitio\/wp-json\/wp\/v2\/media\/10490"}],"wp:attachment":[{"href":"https:\/\/ens9002-infd.mendoza.edu.ar\/sitio\/wp-json\/wp\/v2\/media?parent=14284"}],"wp:term":[{"taxonomy":"category","embeddable":true,"href":"https:\/\/ens9002-infd.mendoza.edu.ar\/sitio\/wp-json\/wp\/v2\/categories?post=14284"},{"taxonomy":"post_tag","embeddable":true,"href":"https:\/\/ens9002-infd.mendoza.edu.ar\/sitio\/wp-json\/wp\/v2\/tags?post=14284"}],"curies":[{"name":"wp","href":"https:\/\/api.w.org\/{rel}","templated":true}]}}