{"id":15405,"date":"2024-05-02T13:48:42","date_gmt":"2024-05-02T16:48:42","guid":{"rendered":"https:\/\/ens9002-infd.mendoza.edu.ar\/sitio\/?p=15405"},"modified":"2024-05-02T14:23:38","modified_gmt":"2024-05-02T17:23:38","slug":"abrio-sus-inscripciones-la-actualizacion-academica-en-ensenanza-de-la-matematica-en-el-nivel-secundario","status":"publish","type":"post","link":"https:\/\/ens9002-infd.mendoza.edu.ar\/sitio\/abrio-sus-inscripciones-la-actualizacion-academica-en-ensenanza-de-la-matematica-en-el-nivel-secundario\/","title":{"rendered":"Inicia la Actualizaci\u00f3n Acad\u00e9mica en Ense\u00f1anza de la Matem\u00e1tica en el Nivel Secundario"},"content":{"rendered":"\n<p>Con el fin de continuar aportando espacios de formaci\u00f3n continua para la comunidad docente, el instituto Tom\u00e1s Godoy Cruz lanza la Actualizaci\u00f3n Acad\u00e9mica en Ense\u00f1anza de la Matem\u00e1tica en el Nivel Secundario. La postitulaci\u00f3n (que se dictar\u00e1 bajo modalidad semipresencial a lo largo de dos cuatrimestres, a partir de junio) se destina a docentes con incumbencia en el \u00e1rea de Matem\u00e1tica en Nivel secundario que acrediten formaci\u00f3n pedag\u00f3gica. Cuenta con resoluci\u00f3n de la DGE. Para acceder a m\u00e1s informaci\u00f3n, <a rel=\"noreferrer noopener\" href=\"https:\/\/ens9002-infd.mendoza.edu.ar\/sitio\/wp-content\/uploads\/2024\/05\/Actualizacion-Academica-en-Ensenanza-de-la-Matematica-en-el-Nivel-Secundario-ANEXO-RESOL-2024-1287-E-GDEMZA-DGE-1-1.pdf\" data-type=\"URL\" data-id=\"https:\/\/ens9002-infd.mendoza.edu.ar\/sitio\/wp-content\/uploads\/2024\/05\/Actualizacion-Academica-en-Ensenanza-de-la-Matematica-en-el-Nivel-Secundario-ANEXO-RESOL-2024-1287-E-GDEMZA-DGE-1-1.pdf\" target=\"_blank\">tocar aqu\u00ed<\/a>.<\/p>\n\n\n\n<p>Durante la cursada, se propiciar\u00e1 un espacio para la reflexi\u00f3n sobre los conocimientos o saberes propios del nivel secundario, que posibilitar\u00e1 enriquecer las pr\u00e1cticas docentes. Adem\u00e1s, se contribuir\u00e1 al fortalecimiento profesional de los y las docentes de Matem\u00e1tica a trav\u00e9s de propuestas de actualizaci\u00f3n que permitan un claro posicionamiento conceptual y metodol\u00f3gico, con el fin de retomar saberes matem\u00e1ticos del nivel secundario, desde un enfoque interdisciplinar e integral. <\/p>\n\n\n\n<p>Para conocer m\u00e1s informaci\u00f3n acerca de las inscripciones, consultar<a rel=\"noreferrer noopener\" href=\"https:\/\/ens9002-infd.mendoza.edu.ar\/sitio\/formacion-continua\/\" data-type=\"URL\" data-id=\"https:\/\/ens9002-infd.mendoza.edu.ar\/sitio\/formacion-continua\/\" target=\"_blank\"> desde aqu\u00ed<\/a>.<\/p>\n","protected":false},"excerpt":{"rendered":"<p>Con el fin de continuar aportando espacios de formaci\u00f3n continua para la comunidad docente, el instituto Tom\u00e1s Godoy Cruz lanza la Actualizaci\u00f3n Acad\u00e9mica en Ense\u00f1anza de la Matem\u00e1tica en el Nivel Secundario. La postitulaci\u00f3n (que se dictar\u00e1 bajo modalidad semipresencial a lo largo de dos cuatrimestres, a partir de junio) se destina a docentes con &#8230; <a title=\"Inicia la Actualizaci\u00f3n Acad\u00e9mica en Ense\u00f1anza de la Matem\u00e1tica en el Nivel Secundario\" class=\"read-more\" href=\"https:\/\/ens9002-infd.mendoza.edu.ar\/sitio\/abrio-sus-inscripciones-la-actualizacion-academica-en-ensenanza-de-la-matematica-en-el-nivel-secundario\/\" aria-label=\"More on Inicia la Actualizaci\u00f3n Acad\u00e9mica en Ense\u00f1anza de la Matem\u00e1tica en el Nivel Secundario\">[+]<\/a><\/p>\n","protected":false},"author":10055,"featured_media":15381,"comment_status":"closed","ping_status":"open","sticky":false,"template":"","format":"standard","meta":[],"categories":[1,6],"tags":[360,399,238],"acf":[],"_links":{"self":[{"href":"https:\/\/ens9002-infd.mendoza.edu.ar\/sitio\/wp-json\/wp\/v2\/posts\/15405"}],"collection":[{"href":"https:\/\/ens9002-infd.mendoza.edu.ar\/sitio\/wp-json\/wp\/v2\/posts"}],"about":[{"href":"https:\/\/ens9002-infd.mendoza.edu.ar\/sitio\/wp-json\/wp\/v2\/types\/post"}],"author":[{"embeddable":true,"href":"https:\/\/ens9002-infd.mendoza.edu.ar\/sitio\/wp-json\/wp\/v2\/users\/10055"}],"replies":[{"embeddable":true,"href":"https:\/\/ens9002-infd.mendoza.edu.ar\/sitio\/wp-json\/wp\/v2\/comments?post=15405"}],"version-history":[{"count":3,"href":"https:\/\/ens9002-infd.mendoza.edu.ar\/sitio\/wp-json\/wp\/v2\/posts\/15405\/revisions"}],"predecessor-version":[{"id":15414,"href":"https:\/\/ens9002-infd.mendoza.edu.ar\/sitio\/wp-json\/wp\/v2\/posts\/15405\/revisions\/15414"}],"wp:featuredmedia":[{"embeddable":true,"href":"https:\/\/ens9002-infd.mendoza.edu.ar\/sitio\/wp-json\/wp\/v2\/media\/15381"}],"wp:attachment":[{"href":"https:\/\/ens9002-infd.mendoza.edu.ar\/sitio\/wp-json\/wp\/v2\/media?parent=15405"}],"wp:term":[{"taxonomy":"category","embeddable":true,"href":"https:\/\/ens9002-infd.mendoza.edu.ar\/sitio\/wp-json\/wp\/v2\/categories?post=15405"},{"taxonomy":"post_tag","embeddable":true,"href":"https:\/\/ens9002-infd.mendoza.edu.ar\/sitio\/wp-json\/wp\/v2\/tags?post=15405"}],"curies":[{"name":"wp","href":"https:\/\/api.w.org\/{rel}","templated":true}]}}