{"id":1684,"date":"2015-05-05T00:00:00","date_gmt":"2015-05-05T00:00:00","guid":{"rendered":"https:\/\/ens9002-mza.infd.edu.ar\/sitio\/exposicion-ordenes-de-merito-2015\/"},"modified":"2015-05-05T00:00:00","modified_gmt":"2015-05-05T00:00:00","slug":"exposicion-ordenes-de-merito-2015","status":"publish","type":"post","link":"https:\/\/ens9002-infd.mendoza.edu.ar\/sitio\/exposicion-ordenes-de-merito-2015\/","title":{"rendered":"Exposici\u00f3n \u00f3rdenes de m\u00e9rito 2015"},"content":{"rendered":"<p class=\"sitio_noticia_volanta\" >\n<h3>Exposici\u00f3n \u00f3rdenes de m\u00e9rito 2015<\/h3>\n<p class=\"sitio_noticia_copete\" >\n<hr class=\"sitio_noticia_contenido\" \/>\n<p >\n<p><span style=\"font-size: 10pt;\"><span id=\"yiv8602795099yui_3_16_0_1_1430744113564_20108\" class=\"yiv8602795099\"><span id=\"yiv8602795099yui_3_16_0_1_1430744113564_20107\" class=\"yiv8602795099\" lang=\"ES-MX\">El Instituto de Formaci&oacute;n Docente y T&eacute;cnica Tom&aacute;s Godoy Cruz 9-002<\/span><\/span><span id=\"yiv8602795099yui_3_16_0_1_1430776346285_4565\" class=\"yiv8602795099\" lang=\"ES-MX\">, comunica a profesores inscriptos para desempe&ntilde;arse en las &aacute;reas de Formaci&oacute;n general, Lengua y Literatura y Ciencias Sociales, que el orden de m&eacute;rito 2015 ser&aacute; expuesto en la p&aacute;gina&nbsp;<\/span><span id=\"yiv8602795099yui_3_16_0_1_1430744113564_20118\" class=\"yiv8602795099\"><span id=\"yiv8602795099yui_3_16_0_1_1430744113564_20117\" class=\"yiv8602795099\">http:\/\/ens9002.mza.infd.edu.ar<\/span><\/span><span id=\"yiv8602795099yui_3_16_0_1_1430744113564_20116\" class=\"yiv8602795099\" lang=\"ES-MX\">&nbsp; y en el Instituto (Edificio del mural, Mitre 929), los d&iacute;as 6 y 7 de mayo de 2015.<\/span><\/span><\/p><\/p>\n","protected":false},"excerpt":{"rendered":"<p>Exposici\u00f3n \u00f3rdenes de m\u00e9rito 2015 El Instituto de Formaci&oacute;n Docente y T&eacute;cnica Tom&aacute;s Godoy Cruz 9-002, comunica a profesores inscriptos para desempe&ntilde;arse en las &aacute;reas de Formaci&oacute;n general, Lengua y Literatura y Ciencias Sociales, que el orden de m&eacute;rito 2015 ser&aacute; expuesto en la p&aacute;gina&nbsp;http:\/\/ens9002.mza.infd.edu.ar&nbsp; y en el Instituto (Edificio del mural, Mitre 929), los &#8230; <a title=\"Exposici\u00f3n \u00f3rdenes de m\u00e9rito 2015\" class=\"read-more\" href=\"https:\/\/ens9002-infd.mendoza.edu.ar\/sitio\/exposicion-ordenes-de-merito-2015\/\" aria-label=\"More on Exposici\u00f3n \u00f3rdenes de m\u00e9rito 2015\">[+]<\/a><\/p>\n","protected":false},"author":5332,"featured_media":0,"comment_status":"open","ping_status":"open","sticky":false,"template":"","format":"standard","meta":[],"categories":[7,6],"tags":[],"acf":[],"_links":{"self":[{"href":"https:\/\/ens9002-infd.mendoza.edu.ar\/sitio\/wp-json\/wp\/v2\/posts\/1684"}],"collection":[{"href":"https:\/\/ens9002-infd.mendoza.edu.ar\/sitio\/wp-json\/wp\/v2\/posts"}],"about":[{"href":"https:\/\/ens9002-infd.mendoza.edu.ar\/sitio\/wp-json\/wp\/v2\/types\/post"}],"author":[{"embeddable":true,"href":"https:\/\/ens9002-infd.mendoza.edu.ar\/sitio\/wp-json\/wp\/v2\/users\/5332"}],"replies":[{"embeddable":true,"href":"https:\/\/ens9002-infd.mendoza.edu.ar\/sitio\/wp-json\/wp\/v2\/comments?post=1684"}],"version-history":[{"count":0,"href":"https:\/\/ens9002-infd.mendoza.edu.ar\/sitio\/wp-json\/wp\/v2\/posts\/1684\/revisions"}],"wp:attachment":[{"href":"https:\/\/ens9002-infd.mendoza.edu.ar\/sitio\/wp-json\/wp\/v2\/media?parent=1684"}],"wp:term":[{"taxonomy":"category","embeddable":true,"href":"https:\/\/ens9002-infd.mendoza.edu.ar\/sitio\/wp-json\/wp\/v2\/categories?post=1684"},{"taxonomy":"post_tag","embeddable":true,"href":"https:\/\/ens9002-infd.mendoza.edu.ar\/sitio\/wp-json\/wp\/v2\/tags?post=1684"}],"curies":[{"name":"wp","href":"https:\/\/api.w.org\/{rel}","templated":true}]}}