{"id":17917,"date":"2025-03-19T18:19:50","date_gmt":"2025-03-19T21:19:50","guid":{"rendered":"https:\/\/ens9002-infd.mendoza.edu.ar\/sitio\/?p=17917"},"modified":"2025-03-19T18:19:52","modified_gmt":"2025-03-19T21:19:52","slug":"arranca-el-curso-la-ecopedagogia-como-un-paradigma-educativo","status":"publish","type":"post","link":"https:\/\/ens9002-infd.mendoza.edu.ar\/sitio\/arranca-el-curso-la-ecopedagogia-como-un-paradigma-educativo\/","title":{"rendered":"Arranca el curso \u00abLa Ecopedagog\u00eda como un paradigma educativo\u00bb"},"content":{"rendered":"\n<p>La exitosa propuesta que se dict\u00f3 en oportunidades anteriores en el instituto Tom\u00e1s Godoy Cruz abre nuevamente las inscripciones en 2025. El cursado ser\u00e1 semipresencial  y se destina a docentes de nivel inicial, primario, secundario y superior.<\/p>\n\n\n\n<p>La oferta educativa cuenta con resoluci\u00f3n de la DGE por lo tanto otorga puntaje docente. Durante los encuentros se abordar\u00e1 la\u00a0<strong>ecopedagog\u00eda<\/strong>\u00a0 desde distintas aristas, concepto que se entiende como la\u00a0<em>pedagog\u00eda del buen vivir<\/em>. En otras palabras, propone una educaci\u00f3n que integre lo diverso, que admita las diferencias y que permita la libre circulaci\u00f3n del conocimiento sobre la verdad hist\u00f3rica: una educaci\u00f3n que considere a las personas parte de la naturaleza.<\/p>\n\n\n\n<p>Para conocer m\u00e1s informaci\u00f3n, toc\u00e1 <a rel=\"noreferrer noopener\" href=\"https:\/\/ens9002-infd.mendoza.edu.ar\/sitio\/15797-2\/\" data-type=\"URL\" data-id=\"https:\/\/ens9002-infd.mendoza.edu.ar\/sitio\/15797-2\/\" target=\"_blank\">aqu\u00ed<\/a>.<\/p>\n","protected":false},"excerpt":{"rendered":"<p>La exitosa propuesta que se dict\u00f3 en oportunidades anteriores en el instituto Tom\u00e1s Godoy Cruz abre nuevamente las inscripciones en 2025. El cursado ser\u00e1 semipresencial y se destina a docentes de nivel inicial, primario, secundario y superior. La oferta educativa cuenta con resoluci\u00f3n de la DGE por lo tanto otorga puntaje docente. Durante los encuentros &#8230; <a title=\"Arranca el curso \u00abLa Ecopedagog\u00eda como un paradigma educativo\u00bb\" class=\"read-more\" href=\"https:\/\/ens9002-infd.mendoza.edu.ar\/sitio\/arranca-el-curso-la-ecopedagogia-como-un-paradigma-educativo\/\" aria-label=\"More on Arranca el curso \u00abLa Ecopedagog\u00eda como un paradigma educativo\u00bb\">[+]<\/a><\/p>\n","protected":false},"author":10055,"featured_media":15707,"comment_status":"closed","ping_status":"open","sticky":false,"template":"","format":"standard","meta":[],"categories":[6,1],"tags":[28,457,350],"acf":[],"_links":{"self":[{"href":"https:\/\/ens9002-infd.mendoza.edu.ar\/sitio\/wp-json\/wp\/v2\/posts\/17917"}],"collection":[{"href":"https:\/\/ens9002-infd.mendoza.edu.ar\/sitio\/wp-json\/wp\/v2\/posts"}],"about":[{"href":"https:\/\/ens9002-infd.mendoza.edu.ar\/sitio\/wp-json\/wp\/v2\/types\/post"}],"author":[{"embeddable":true,"href":"https:\/\/ens9002-infd.mendoza.edu.ar\/sitio\/wp-json\/wp\/v2\/users\/10055"}],"replies":[{"embeddable":true,"href":"https:\/\/ens9002-infd.mendoza.edu.ar\/sitio\/wp-json\/wp\/v2\/comments?post=17917"}],"version-history":[{"count":1,"href":"https:\/\/ens9002-infd.mendoza.edu.ar\/sitio\/wp-json\/wp\/v2\/posts\/17917\/revisions"}],"predecessor-version":[{"id":17918,"href":"https:\/\/ens9002-infd.mendoza.edu.ar\/sitio\/wp-json\/wp\/v2\/posts\/17917\/revisions\/17918"}],"wp:featuredmedia":[{"embeddable":true,"href":"https:\/\/ens9002-infd.mendoza.edu.ar\/sitio\/wp-json\/wp\/v2\/media\/15707"}],"wp:attachment":[{"href":"https:\/\/ens9002-infd.mendoza.edu.ar\/sitio\/wp-json\/wp\/v2\/media?parent=17917"}],"wp:term":[{"taxonomy":"category","embeddable":true,"href":"https:\/\/ens9002-infd.mendoza.edu.ar\/sitio\/wp-json\/wp\/v2\/categories?post=17917"},{"taxonomy":"post_tag","embeddable":true,"href":"https:\/\/ens9002-infd.mendoza.edu.ar\/sitio\/wp-json\/wp\/v2\/tags?post=17917"}],"curies":[{"name":"wp","href":"https:\/\/api.w.org\/{rel}","templated":true}]}}