{"id":18107,"date":"2025-04-09T01:06:42","date_gmt":"2025-04-09T04:06:42","guid":{"rendered":"https:\/\/ens9002-infd.mendoza.edu.ar\/sitio\/?p=18107"},"modified":"2025-04-09T01:08:10","modified_gmt":"2025-04-09T04:08:10","slug":"con-la-caminata-senderos-de-mendoza-comienza-el-ciclo-institucional-de-actividad-fisica","status":"publish","type":"post","link":"https:\/\/ens9002-infd.mendoza.edu.ar\/sitio\/con-la-caminata-senderos-de-mendoza-comienza-el-ciclo-institucional-de-actividad-fisica\/","title":{"rendered":"Con la caminata \u00abSenderos de Mendoza\u00bb comienza el ciclo institucional de actividad f\u00edsica"},"content":{"rendered":"\n<p>El \u00e1rea Bienestar Estudiantil del instituto invita a toda la comunidad del Tom\u00e1s Godoy Cruz a participar de la primera instancia que propone para iniciar el ciclo anual de actividad f\u00edsica. Se trata de una caminata que tendr\u00e1 como punto de partida los portones del parque General San Mart\u00edn y desde all\u00ed, se dirigir\u00e1 a distintos sitios de la Ciudad de Mendoza para conocer su historia y detalles asombrosos.<\/p>\n\n\n\n<p>La cita es para este s\u00e1bado 12 de abril a partir de las 9.30 horas. Para formar parte del grupo, es necesario inscribirse <a rel=\"noreferrer noopener\" href=\"https:\/\/forms.gle\/dP41DYY5Vm26rz7q9\" data-type=\"URL\" data-id=\"https:\/\/forms.gle\/dP41DYY5Vm26rz7q9\" target=\"_blank\">desde aqu\u00ed<\/a>.<\/p>\n","protected":false},"excerpt":{"rendered":"<p>El \u00e1rea Bienestar Estudiantil del instituto invita a toda la comunidad del Tom\u00e1s Godoy Cruz a participar de la primera instancia que propone para iniciar el ciclo anual de actividad f\u00edsica. Se trata de una caminata que tendr\u00e1 como punto de partida los portones del parque General San Mart\u00edn y desde all\u00ed, se dirigir\u00e1 a &#8230; <a title=\"Con la caminata \u00abSenderos de Mendoza\u00bb comienza el ciclo institucional de actividad f\u00edsica\" class=\"read-more\" href=\"https:\/\/ens9002-infd.mendoza.edu.ar\/sitio\/con-la-caminata-senderos-de-mendoza-comienza-el-ciclo-institucional-de-actividad-fisica\/\" aria-label=\"More on Con la caminata \u00abSenderos de Mendoza\u00bb comienza el ciclo institucional de actividad f\u00edsica\">[+]<\/a><\/p>\n","protected":false},"author":10055,"featured_media":7412,"comment_status":"closed","ping_status":"open","sticky":false,"template":"","format":"standard","meta":[],"categories":[1,6],"tags":[461,170],"acf":[],"_links":{"self":[{"href":"https:\/\/ens9002-infd.mendoza.edu.ar\/sitio\/wp-json\/wp\/v2\/posts\/18107"}],"collection":[{"href":"https:\/\/ens9002-infd.mendoza.edu.ar\/sitio\/wp-json\/wp\/v2\/posts"}],"about":[{"href":"https:\/\/ens9002-infd.mendoza.edu.ar\/sitio\/wp-json\/wp\/v2\/types\/post"}],"author":[{"embeddable":true,"href":"https:\/\/ens9002-infd.mendoza.edu.ar\/sitio\/wp-json\/wp\/v2\/users\/10055"}],"replies":[{"embeddable":true,"href":"https:\/\/ens9002-infd.mendoza.edu.ar\/sitio\/wp-json\/wp\/v2\/comments?post=18107"}],"version-history":[{"count":2,"href":"https:\/\/ens9002-infd.mendoza.edu.ar\/sitio\/wp-json\/wp\/v2\/posts\/18107\/revisions"}],"predecessor-version":[{"id":18109,"href":"https:\/\/ens9002-infd.mendoza.edu.ar\/sitio\/wp-json\/wp\/v2\/posts\/18107\/revisions\/18109"}],"wp:featuredmedia":[{"embeddable":true,"href":"https:\/\/ens9002-infd.mendoza.edu.ar\/sitio\/wp-json\/wp\/v2\/media\/7412"}],"wp:attachment":[{"href":"https:\/\/ens9002-infd.mendoza.edu.ar\/sitio\/wp-json\/wp\/v2\/media?parent=18107"}],"wp:term":[{"taxonomy":"category","embeddable":true,"href":"https:\/\/ens9002-infd.mendoza.edu.ar\/sitio\/wp-json\/wp\/v2\/categories?post=18107"},{"taxonomy":"post_tag","embeddable":true,"href":"https:\/\/ens9002-infd.mendoza.edu.ar\/sitio\/wp-json\/wp\/v2\/tags?post=18107"}],"curies":[{"name":"wp","href":"https:\/\/api.w.org\/{rel}","templated":true}]}}