{"id":19548,"date":"2025-10-08T10:51:13","date_gmt":"2025-10-08T13:51:13","guid":{"rendered":"https:\/\/ens9002-infd.mendoza.edu.ar\/sitio\/?p=19548"},"modified":"2025-10-08T10:51:15","modified_gmt":"2025-10-08T13:51:15","slug":"abren-las-inscripciones-para-el-taller-el-impacto-de-la-interaccion-grupal-en-la-dinamica-de-los-aprendizajes-en-el-ambito-escolar","status":"publish","type":"post","link":"https:\/\/ens9002-infd.mendoza.edu.ar\/sitio\/abren-las-inscripciones-para-el-taller-el-impacto-de-la-interaccion-grupal-en-la-dinamica-de-los-aprendizajes-en-el-ambito-escolar\/","title":{"rendered":"Abren las inscripciones para el taller \u00abEl impacto de la interacci\u00f3n grupal en la din\u00e1mica de los aprendizajes en el \u00e1mbito escolar\u00bb"},"content":{"rendered":"\n<p>Las pr\u00e1cticas docentes se fortalecen cuando existen espacios que permiten la<br>integraci\u00f3n horizontal de instituciones y docentes y favorezcan intercambios de experiencias<br>educativas y producci\u00f3n de saberes. En este sentido es que el instituto Tom\u00e1s Godoy Cruz ofrece esta propuesta formativa, destinada a docentes con t\u00edtulo habilitante de 4 a\u00f1os o m\u00e1s, docentes t\u00e9cnicos\/as con t\u00edtulo habilitante para ejercer en el sistema educativo en todas las \u00e1reas y modalidades de tres a\u00f1os o m\u00e1s, como as\u00ed tambi\u00e9n a preceptores\/as con t\u00edtulo habilitante de tres a\u00f1os o m\u00e1s y estudiantes avanzados\/as del profesorado de Educaci\u00f3n Primaria del IES 9002.<\/p>\n\n\n\n<p>Durante el cursado -que ser\u00e1 semipresencial, a partir del 1 de noviembre- se buscar\u00e1 tomar conciencia acerca del valor del grupo como herramienta clave en el \u00e1mbito escolar y analizar y comprender la din\u00e1mica de los fen\u00f3menos grupales para potenciar el trabajo en equipo. A la vez, se trabajar\u00e1 en la construcci\u00f3n de herramientas que promuevan el mejoramiento, bienestar y crecimiento colectivo e individual y se enfocar\u00e1n las clases en estudiar el favorecimiento del trabajo grupal como recurso pedag\u00f3gico dentro del aula. Sumado a esto, se pondr\u00e1 foco en la conformaci\u00f3n de equipos de trabajo entre colegas para adquirir nuevos aprendizajes e<br>integrar conocimientos especializados.<\/p>\n\n\n\n<p>El curso cuenta con puntaje docente otorgado por la DGE. Para acceder a la resoluci\u00f3n y al enlace del formulario de inscripci\u00f3n, ingresar <a href=\"https:\/\/ens9002-infd.mendoza.edu.ar\/sitio\/el-impacto-de-la-interaccion-grupal-en-la-dinamica-de-los-aprendizajes-en-el-ambito-escolar-2\/\" data-type=\"URL\" data-id=\"https:\/\/ens9002-infd.mendoza.edu.ar\/sitio\/el-impacto-de-la-interaccion-grupal-en-la-dinamica-de-los-aprendizajes-en-el-ambito-escolar-2\/\" target=\"_blank\" rel=\"noreferrer noopener\">aqu\u00ed<\/a>.<\/p>\n","protected":false},"excerpt":{"rendered":"<p>Las pr\u00e1cticas docentes se fortalecen cuando existen espacios que permiten laintegraci\u00f3n horizontal de instituciones y docentes y favorezcan intercambios de experienciaseducativas y producci\u00f3n de saberes. En este sentido es que el instituto Tom\u00e1s Godoy Cruz ofrece esta propuesta formativa, destinada a docentes con t\u00edtulo habilitante de 4 a\u00f1os o m\u00e1s, docentes t\u00e9cnicos\/as con t\u00edtulo habilitante &#8230; <a title=\"Abren las inscripciones para el taller \u00abEl impacto de la interacci\u00f3n grupal en la din\u00e1mica de los aprendizajes en el \u00e1mbito escolar\u00bb\" class=\"read-more\" href=\"https:\/\/ens9002-infd.mendoza.edu.ar\/sitio\/abren-las-inscripciones-para-el-taller-el-impacto-de-la-interaccion-grupal-en-la-dinamica-de-los-aprendizajes-en-el-ambito-escolar\/\" aria-label=\"More on Abren las inscripciones para el taller \u00abEl impacto de la interacci\u00f3n grupal en la din\u00e1mica de los aprendizajes en el \u00e1mbito escolar\u00bb\">[+]<\/a><\/p>\n","protected":false},"author":10055,"featured_media":19549,"comment_status":"closed","ping_status":"open","sticky":false,"template":"","format":"standard","meta":[],"categories":[1,6],"tags":[66,477],"acf":[],"_links":{"self":[{"href":"https:\/\/ens9002-infd.mendoza.edu.ar\/sitio\/wp-json\/wp\/v2\/posts\/19548"}],"collection":[{"href":"https:\/\/ens9002-infd.mendoza.edu.ar\/sitio\/wp-json\/wp\/v2\/posts"}],"about":[{"href":"https:\/\/ens9002-infd.mendoza.edu.ar\/sitio\/wp-json\/wp\/v2\/types\/post"}],"author":[{"embeddable":true,"href":"https:\/\/ens9002-infd.mendoza.edu.ar\/sitio\/wp-json\/wp\/v2\/users\/10055"}],"replies":[{"embeddable":true,"href":"https:\/\/ens9002-infd.mendoza.edu.ar\/sitio\/wp-json\/wp\/v2\/comments?post=19548"}],"version-history":[{"count":1,"href":"https:\/\/ens9002-infd.mendoza.edu.ar\/sitio\/wp-json\/wp\/v2\/posts\/19548\/revisions"}],"predecessor-version":[{"id":19550,"href":"https:\/\/ens9002-infd.mendoza.edu.ar\/sitio\/wp-json\/wp\/v2\/posts\/19548\/revisions\/19550"}],"wp:featuredmedia":[{"embeddable":true,"href":"https:\/\/ens9002-infd.mendoza.edu.ar\/sitio\/wp-json\/wp\/v2\/media\/19549"}],"wp:attachment":[{"href":"https:\/\/ens9002-infd.mendoza.edu.ar\/sitio\/wp-json\/wp\/v2\/media?parent=19548"}],"wp:term":[{"taxonomy":"category","embeddable":true,"href":"https:\/\/ens9002-infd.mendoza.edu.ar\/sitio\/wp-json\/wp\/v2\/categories?post=19548"},{"taxonomy":"post_tag","embeddable":true,"href":"https:\/\/ens9002-infd.mendoza.edu.ar\/sitio\/wp-json\/wp\/v2\/tags?post=19548"}],"curies":[{"name":"wp","href":"https:\/\/api.w.org\/{rel}","templated":true}]}}