{"id":2201,"date":"2018-09-02T20:42:46","date_gmt":"2018-09-02T23:42:46","guid":{"rendered":"https:\/\/ens9002-mza.infd.edu.ar\/sitio\/?p=2201"},"modified":"2018-09-05T15:07:48","modified_gmt":"2018-09-05T18:07:48","slug":"demanda-en-educacion-superior","status":"publish","type":"post","link":"https:\/\/ens9002-infd.mendoza.edu.ar\/sitio\/demanda-en-educacion-superior\/","title":{"rendered":"Demanda en educaci\u00f3n superior"},"content":{"rendered":"<div class=\"\" data-block=\"true\" data-editor=\"1rk77\" data-offset-key=\"a7ktd-0-0\">\n<div class=\"_1mf _1mj\" data-offset-key=\"a7ktd-0-0\"><span data-offset-key=\"a7ktd-0-0\">En momentos muy cr\u00edticos para el pueblo argentino, el mal gobierno de Mendoza planea reducir la educaci\u00f3n superior a su m\u00ednima expresi\u00f3n.<\/span><\/div>\n<\/div>\n<div class=\"\" data-block=\"true\" data-editor=\"1rk77\" data-offset-key=\"6sp53-0-0\">\n<div class=\"_1mf _1mj\" data-offset-key=\"6sp53-0-0\"><span data-offset-key=\"6sp53-0-0\">Lo hace invocando una planificaci\u00f3n de la demanda ,en base a datos actuales, que dicen poseer.<\/span><\/div>\n<\/div>\n<div class=\"\" data-block=\"true\" data-editor=\"1rk77\" data-offset-key=\"46qln-0-0\">\n<div class=\"_1mf _1mj\" data-offset-key=\"46qln-0-0\"><span data-offset-key=\"46qln-0-0\">Olvidan que la demanda para formaci\u00f3n docente se calcula para dentro de 8-10 a\u00f1os, dado que les estudiantes tardan al menos 6-7 a\u00f1os al recibirse. Y hoy no hay muchas precisiones respecto a como ser\u00e1 la llamada \u00absecundaria 2030\u00bb ni el nivel inicial, ni la escuela primaria.<\/span><\/div>\n<\/div>\n<div class=\"\" data-block=\"true\" data-editor=\"1rk77\" data-offset-key=\"f3ua7-0-0\">\n<div class=\"_1mf _1mj\" data-offset-key=\"f3ua7-0-0\"><span data-offset-key=\"f3ua7-0-0\">En cuanto a las tecnicaturas estas tienen directa relaci\u00f3n con el modelo productivo que el pa\u00eds y la regi\u00f3n implementar\u00e1 , el cual ni el mal gobierno provincial o nacional parecen o tener ni idea. En un pa\u00eds donde nadie sabe a cuanto estar\u00e1 el dolar ma\u00f1ana.<\/span><\/div>\n<\/div>\n<div class=\"\" data-block=\"true\" data-editor=\"1rk77\" data-offset-key=\"f6gf-0-0\">\n<div class=\"_1mf _1mj\" data-offset-key=\"f6gf-0-0\"><span data-offset-key=\"f6gf-0-0\">Al mismo tiempo el argumento de \u00abmalgastar\u00bb dinero no es demasiado v\u00e1lido cuando la inversi\u00f3n en educaci\u00f3n superior es mucho menos que el 1% del presupuesto provincial.<\/span><\/div>\n<\/div>\n<div class=\"\" data-block=\"true\" data-editor=\"1rk77\" data-offset-key=\"4vmk4-0-0\">\n<div class=\"_1mf _1mj\" data-offset-key=\"4vmk4-0-0\"><span data-offset-key=\"4vmk4-0-0\">O sea mucho de esto se estar\u00eda sonando como excusa..<\/span><\/div>\n<\/div>\n<div class=\"\" data-block=\"true\" data-editor=\"1rk77\" data-offset-key=\"3gjst-0-0\">\n<div class=\"_1mf _1mj\" data-offset-key=\"3gjst-0-0\"><span data-offset-key=\"3gjst-0-0\">Sin datos sobre la demanda, sin mucho para ahorrar, s\u00f3lo motivos relacionado con cerrar el derecho a la educaci\u00f3n para muchos y muchas parecen expresarse.<\/span><\/div>\n<\/div>\n","protected":false},"excerpt":{"rendered":"<p>En momentos muy cr\u00edticos para el pueblo argentino, el mal gobierno de Mendoza planea reducir la educaci\u00f3n superior a su m\u00ednima expresi\u00f3n. Lo hace invocando una planificaci\u00f3n de la demanda ,en base a datos actuales, que dicen poseer. Olvidan que la demanda para formaci\u00f3n docente se calcula para dentro de 8-10 a\u00f1os, dado que les &#8230; <a title=\"Demanda en educaci\u00f3n superior\" class=\"read-more\" href=\"https:\/\/ens9002-infd.mendoza.edu.ar\/sitio\/demanda-en-educacion-superior\/\" aria-label=\"More on Demanda en educaci\u00f3n superior\">[+]<\/a><\/p>\n","protected":false},"author":5211,"featured_media":0,"comment_status":"open","ping_status":"open","sticky":false,"template":"","format":"standard","meta":[],"categories":[6],"tags":[],"acf":[],"_links":{"self":[{"href":"https:\/\/ens9002-infd.mendoza.edu.ar\/sitio\/wp-json\/wp\/v2\/posts\/2201"}],"collection":[{"href":"https:\/\/ens9002-infd.mendoza.edu.ar\/sitio\/wp-json\/wp\/v2\/posts"}],"about":[{"href":"https:\/\/ens9002-infd.mendoza.edu.ar\/sitio\/wp-json\/wp\/v2\/types\/post"}],"author":[{"embeddable":true,"href":"https:\/\/ens9002-infd.mendoza.edu.ar\/sitio\/wp-json\/wp\/v2\/users\/5211"}],"replies":[{"embeddable":true,"href":"https:\/\/ens9002-infd.mendoza.edu.ar\/sitio\/wp-json\/wp\/v2\/comments?post=2201"}],"version-history":[{"count":2,"href":"https:\/\/ens9002-infd.mendoza.edu.ar\/sitio\/wp-json\/wp\/v2\/posts\/2201\/revisions"}],"predecessor-version":[{"id":2225,"href":"https:\/\/ens9002-infd.mendoza.edu.ar\/sitio\/wp-json\/wp\/v2\/posts\/2201\/revisions\/2225"}],"wp:attachment":[{"href":"https:\/\/ens9002-infd.mendoza.edu.ar\/sitio\/wp-json\/wp\/v2\/media?parent=2201"}],"wp:term":[{"taxonomy":"category","embeddable":true,"href":"https:\/\/ens9002-infd.mendoza.edu.ar\/sitio\/wp-json\/wp\/v2\/categories?post=2201"},{"taxonomy":"post_tag","embeddable":true,"href":"https:\/\/ens9002-infd.mendoza.edu.ar\/sitio\/wp-json\/wp\/v2\/tags?post=2201"}],"curies":[{"name":"wp","href":"https:\/\/api.w.org\/{rel}","templated":true}]}}