{"id":3270,"date":"2019-04-11T14:27:33","date_gmt":"2019-04-11T17:27:33","guid":{"rendered":"https:\/\/ens9002-mza.infd.edu.ar\/sitio\/?p=3270"},"modified":"2019-04-11T14:27:33","modified_gmt":"2019-04-11T17:27:33","slug":"llamado-a-cubrir-cargo-de-bibliotecario-turno-noche","status":"publish","type":"post","link":"https:\/\/ens9002-infd.mendoza.edu.ar\/sitio\/llamado-a-cubrir-cargo-de-bibliotecario-turno-noche\/","title":{"rendered":"Llamado a cubrir cargo de bibliotecario turno noche"},"content":{"rendered":"<p>Las Autoridades del Instituto de Formaci\u00f3n Docente y T\u00e9cnico T-002 Tom\u00e1s Godoy Cruz sito en calle Mitre y Montevideo, entrada por Montevideo, convoca a profesionales con titulaci\u00f3n de Nivel Superior en Bibliotecolog\u00eda que acrediten formaci\u00f3n de sistemas inform\u00e1ticos generales y espec\u00edficos, (manejo de sistemas de gesti\u00f3n de bibliotecas y manejo de reservorios de informaci\u00f3n digital, etc.). \u00a0Para cubrir el cargo de Bibliotecario\u00a0<strong><u>turno noche<\/u><\/strong>. Los interesados deber\u00e1n presentar en Anexo de Secretaria del instituto (1 piso): curr\u00edculum vitae, t\u00edtulos, antig\u00fcedad docente discriminada por nivel, cursos y otras instancias de capacitaci\u00f3n y actualizaci\u00f3n pertinentes. Todas las fotocopias deber\u00e1n estar debidamente autenticadas para ser elevadas al consejo evaluador para establecer el Orden de Prelaci\u00f3n y foliadas. Desde el d\u00eda viernes 12 de abril 2019 a las 12:00 horas y hasta el d\u00eda martes 16 de abril 2019 a las 12 horas<\/p>\n","protected":false},"excerpt":{"rendered":"<p>Las Autoridades del Instituto de Formaci\u00f3n Docente y T\u00e9cnico T-002 Tom\u00e1s Godoy Cruz sito en calle Mitre y Montevideo, entrada por Montevideo, convoca a profesionales con titulaci\u00f3n de Nivel Superior en Bibliotecolog\u00eda que acrediten formaci\u00f3n de sistemas inform\u00e1ticos generales y espec\u00edficos, (manejo de sistemas de gesti\u00f3n de bibliotecas y manejo de reservorios de informaci\u00f3n digital, &#8230; <a title=\"Llamado a cubrir cargo de bibliotecario turno noche\" class=\"read-more\" href=\"https:\/\/ens9002-infd.mendoza.edu.ar\/sitio\/llamado-a-cubrir-cargo-de-bibliotecario-turno-noche\/\" aria-label=\"More on Llamado a cubrir cargo de bibliotecario turno noche\">[+]<\/a><\/p>\n","protected":false},"author":5115,"featured_media":1396,"comment_status":"open","ping_status":"open","sticky":false,"template":"","format":"standard","meta":[],"categories":[7,6],"tags":[],"acf":[],"_links":{"self":[{"href":"https:\/\/ens9002-infd.mendoza.edu.ar\/sitio\/wp-json\/wp\/v2\/posts\/3270"}],"collection":[{"href":"https:\/\/ens9002-infd.mendoza.edu.ar\/sitio\/wp-json\/wp\/v2\/posts"}],"about":[{"href":"https:\/\/ens9002-infd.mendoza.edu.ar\/sitio\/wp-json\/wp\/v2\/types\/post"}],"author":[{"embeddable":true,"href":"https:\/\/ens9002-infd.mendoza.edu.ar\/sitio\/wp-json\/wp\/v2\/users\/5115"}],"replies":[{"embeddable":true,"href":"https:\/\/ens9002-infd.mendoza.edu.ar\/sitio\/wp-json\/wp\/v2\/comments?post=3270"}],"version-history":[{"count":1,"href":"https:\/\/ens9002-infd.mendoza.edu.ar\/sitio\/wp-json\/wp\/v2\/posts\/3270\/revisions"}],"predecessor-version":[{"id":3271,"href":"https:\/\/ens9002-infd.mendoza.edu.ar\/sitio\/wp-json\/wp\/v2\/posts\/3270\/revisions\/3271"}],"wp:featuredmedia":[{"embeddable":true,"href":"https:\/\/ens9002-infd.mendoza.edu.ar\/sitio\/wp-json\/wp\/v2\/media\/1396"}],"wp:attachment":[{"href":"https:\/\/ens9002-infd.mendoza.edu.ar\/sitio\/wp-json\/wp\/v2\/media?parent=3270"}],"wp:term":[{"taxonomy":"category","embeddable":true,"href":"https:\/\/ens9002-infd.mendoza.edu.ar\/sitio\/wp-json\/wp\/v2\/categories?post=3270"},{"taxonomy":"post_tag","embeddable":true,"href":"https:\/\/ens9002-infd.mendoza.edu.ar\/sitio\/wp-json\/wp\/v2\/tags?post=3270"}],"curies":[{"name":"wp","href":"https:\/\/api.w.org\/{rel}","templated":true}]}}