{"id":3287,"date":"2019-04-16T14:58:22","date_gmt":"2019-04-16T17:58:22","guid":{"rendered":"https:\/\/ens9002-mza.infd.edu.ar\/sitio\/?p=3287"},"modified":"2019-04-16T14:58:22","modified_gmt":"2019-04-16T17:58:22","slug":"llama-a-cubrir-horas-catedra-suplencias-2019","status":"publish","type":"post","link":"https:\/\/ens9002-infd.mendoza.edu.ar\/sitio\/llama-a-cubrir-horas-catedra-suplencias-2019\/","title":{"rendered":"Llama a cubrir horas c\u00e1tedra &#8211; suplencias 2019"},"content":{"rendered":"<p>Las Autoridades del Instituto de Formaci\u00f3n Docente y T\u00e9cnico T-002 Tomas Godoy Cruz sito en calle Mitre y Montevideo, entrada por Montevideo, informa que el d\u00eda 22 de abril 2019, se realizar\u00e1n los llamados seg\u00fan \u00f3rdenes de m\u00e9rito 2019 de los espacios que a continuaci\u00f3n se detallan: PROFESORADO DE ARTES VISUALES: A las 10:00 horas 04 hs. de Fundamentos Visuales III de 3a\u00f1o. A las 10:10 horas 04 hs. de Did\u00e1ctica de las Artes Visuales III de 4 a\u00f1o.\u00a0<strong>PROFESORADO DE MATEMATICA:\u00a0<\/strong>A las 10:20 horas 06 hs. Historia de la Matem\u00e1tica 3 a\u00f1o 3 div.\u00a0<strong>\u00a0<\/strong>A las 10:30 horas 09hs. de Pr\u00e1ctica IV formaci\u00f3n General. 4 a\u00f1o. PROFESORADO DE EDUCACION INICIAL: A las 10:40 07 hs. de Pedagog\u00eda de 1 a\u00f1o 1 div. Suplente art. 32. PROFESORADO DE EDUCACION PRIMARIA: A las 10:50 horas 08 hs. de Sujeto de la Educaci\u00f3n primaria de 1 a\u00f1o 3 div. Suplente art. 61. A las 11 horas 07 hs. de matem\u00e1tica 1 a\u00f1o 4 div. A las 11:10 horas 07 hs. de Did\u00e1ctica de la Matem\u00e1tica II de 3 a\u00f1o 3 div.\u00a0P<strong>resentarse con Declaraci\u00f3n Jurada de cargos\/horas seg\u00fan Ley 6929 y Decreto Reglamentario N\u00ba 285\u00a0<u>sin incompatibilidades.\u00a0<\/u>Fotocopia del D.N.I. Fotocopia del CUIL Fotocopia del T\u00edtulo. Certificado de aptitud psico-f\u00edsica otorgado por Salud Laboral de la DGE. Constancia de \u00faltimo voto.<\/strong><\/p>\n","protected":false},"excerpt":{"rendered":"<p>Las Autoridades del Instituto de Formaci\u00f3n Docente y T\u00e9cnico T-002 Tomas Godoy Cruz sito en calle Mitre y Montevideo, entrada por Montevideo, informa que el d\u00eda 22 de abril 2019, se realizar\u00e1n los llamados seg\u00fan \u00f3rdenes de m\u00e9rito 2019 de los espacios que a continuaci\u00f3n se detallan: PROFESORADO DE ARTES VISUALES: A las 10:00 horas &#8230; <a title=\"Llama a cubrir horas c\u00e1tedra &#8211; suplencias 2019\" class=\"read-more\" href=\"https:\/\/ens9002-infd.mendoza.edu.ar\/sitio\/llama-a-cubrir-horas-catedra-suplencias-2019\/\" aria-label=\"More on Llama a cubrir horas c\u00e1tedra &#8211; suplencias 2019\">[+]<\/a><\/p>\n","protected":false},"author":5115,"featured_media":2831,"comment_status":"open","ping_status":"open","sticky":false,"template":"","format":"standard","meta":[],"categories":[7,6],"tags":[],"acf":[],"_links":{"self":[{"href":"https:\/\/ens9002-infd.mendoza.edu.ar\/sitio\/wp-json\/wp\/v2\/posts\/3287"}],"collection":[{"href":"https:\/\/ens9002-infd.mendoza.edu.ar\/sitio\/wp-json\/wp\/v2\/posts"}],"about":[{"href":"https:\/\/ens9002-infd.mendoza.edu.ar\/sitio\/wp-json\/wp\/v2\/types\/post"}],"author":[{"embeddable":true,"href":"https:\/\/ens9002-infd.mendoza.edu.ar\/sitio\/wp-json\/wp\/v2\/users\/5115"}],"replies":[{"embeddable":true,"href":"https:\/\/ens9002-infd.mendoza.edu.ar\/sitio\/wp-json\/wp\/v2\/comments?post=3287"}],"version-history":[{"count":1,"href":"https:\/\/ens9002-infd.mendoza.edu.ar\/sitio\/wp-json\/wp\/v2\/posts\/3287\/revisions"}],"predecessor-version":[{"id":3288,"href":"https:\/\/ens9002-infd.mendoza.edu.ar\/sitio\/wp-json\/wp\/v2\/posts\/3287\/revisions\/3288"}],"wp:featuredmedia":[{"embeddable":true,"href":"https:\/\/ens9002-infd.mendoza.edu.ar\/sitio\/wp-json\/wp\/v2\/media\/2831"}],"wp:attachment":[{"href":"https:\/\/ens9002-infd.mendoza.edu.ar\/sitio\/wp-json\/wp\/v2\/media?parent=3287"}],"wp:term":[{"taxonomy":"category","embeddable":true,"href":"https:\/\/ens9002-infd.mendoza.edu.ar\/sitio\/wp-json\/wp\/v2\/categories?post=3287"},{"taxonomy":"post_tag","embeddable":true,"href":"https:\/\/ens9002-infd.mendoza.edu.ar\/sitio\/wp-json\/wp\/v2\/tags?post=3287"}],"curies":[{"name":"wp","href":"https:\/\/api.w.org\/{rel}","templated":true}]}}