{"id":3446,"date":"2019-05-21T14:45:03","date_gmt":"2019-05-21T17:45:03","guid":{"rendered":"https:\/\/ens9002-mza.infd.edu.ar\/sitio\/?p=3446"},"modified":"2019-05-21T14:45:03","modified_gmt":"2019-05-21T17:45:03","slug":"inicia-curso-de-produccion-audiovisual-en-el-instituto-tomas-godoy-cruz","status":"publish","type":"post","link":"https:\/\/ens9002-infd.mendoza.edu.ar\/sitio\/inicia-curso-de-produccion-audiovisual-en-el-instituto-tomas-godoy-cruz\/","title":{"rendered":"Inicia curso de Producci\u00f3n Audiovisual en el instituto Tom\u00e1s Godoy Cruz"},"content":{"rendered":"<p>Bajo el t\u00edtulo \u00abLa comunicaci\u00f3n audiovisual, el nuevo lenguaje\u00bb, comienza una excelente instancia formativa en el Instituto Superior Tom\u00e1s Godoy Cruz, destinada a docentes y p\u00fablico en general. La actividad se desarrollar\u00e1 desde junio a diciembre, todos los s\u00e1bados de 9.30 a 13.30 h y estar\u00e1 a cargo del productor Jorge Morales.<\/p>\n<p dir=\"ltr\">La propuesta del curso (te\u00f3rico y pr\u00e1ctico) plantea una introducci\u00f3n en los nuevos formatos de comunicaci\u00f3n audiovisual, para un mejor desenvolvimiento profesional y personal. En este sentido, promete desarrollar la creatividad de los estudiantes, a la vez que dotar\u00e1 de conocimientos t\u00e9cnicos relacionados con la imagen y el sonido.<\/p>\n<p>De esta manera, les ser\u00e1 posible llevar adelante producciones individuales y colectivas y aplicarlas en sus \u00e1mbitos laborales, as\u00ed como proyectar eventos donde la tecnolog\u00eda cumpla un papel preponderante.<\/p>\n<p>El costo mensual ser\u00e1 $650. Para mayor informaci\u00f3n, dirigirse a Cooperadora del instituto Tom\u00e1s Godoy Cruz\u00a0 (Mitre y Montevideo, Ciudad), de lunes a viernes de 9 a 22 h o escribir a <a href=\"mailto:jorgeamoralesruz@gmail.com\" target=\"_blank\" rel=\"noopener\">jorgeamoralesruz@gmail.com<\/a>.<\/p>\n","protected":false},"excerpt":{"rendered":"<p>Bajo el t\u00edtulo \u00abLa comunicaci\u00f3n audiovisual, el nuevo lenguaje\u00bb, comienza una excelente instancia formativa en el Instituto Superior Tom\u00e1s Godoy Cruz, destinada a docentes y p\u00fablico en general. La actividad se desarrollar\u00e1 desde junio a diciembre, todos los s\u00e1bados de 9.30 a 13.30 h y estar\u00e1 a cargo del productor Jorge Morales. La propuesta del &#8230; <a title=\"Inicia curso de Producci\u00f3n Audiovisual en el instituto Tom\u00e1s Godoy Cruz\" class=\"read-more\" href=\"https:\/\/ens9002-infd.mendoza.edu.ar\/sitio\/inicia-curso-de-produccion-audiovisual-en-el-instituto-tomas-godoy-cruz\/\" aria-label=\"More on Inicia curso de Producci\u00f3n Audiovisual en el instituto Tom\u00e1s Godoy Cruz\">[+]<\/a><\/p>\n","protected":false},"author":5115,"featured_media":3447,"comment_status":"open","ping_status":"open","sticky":false,"template":"","format":"standard","meta":[],"categories":[7,6],"tags":[],"acf":[],"_links":{"self":[{"href":"https:\/\/ens9002-infd.mendoza.edu.ar\/sitio\/wp-json\/wp\/v2\/posts\/3446"}],"collection":[{"href":"https:\/\/ens9002-infd.mendoza.edu.ar\/sitio\/wp-json\/wp\/v2\/posts"}],"about":[{"href":"https:\/\/ens9002-infd.mendoza.edu.ar\/sitio\/wp-json\/wp\/v2\/types\/post"}],"author":[{"embeddable":true,"href":"https:\/\/ens9002-infd.mendoza.edu.ar\/sitio\/wp-json\/wp\/v2\/users\/5115"}],"replies":[{"embeddable":true,"href":"https:\/\/ens9002-infd.mendoza.edu.ar\/sitio\/wp-json\/wp\/v2\/comments?post=3446"}],"version-history":[{"count":1,"href":"https:\/\/ens9002-infd.mendoza.edu.ar\/sitio\/wp-json\/wp\/v2\/posts\/3446\/revisions"}],"predecessor-version":[{"id":3448,"href":"https:\/\/ens9002-infd.mendoza.edu.ar\/sitio\/wp-json\/wp\/v2\/posts\/3446\/revisions\/3448"}],"wp:featuredmedia":[{"embeddable":true,"href":"https:\/\/ens9002-infd.mendoza.edu.ar\/sitio\/wp-json\/wp\/v2\/media\/3447"}],"wp:attachment":[{"href":"https:\/\/ens9002-infd.mendoza.edu.ar\/sitio\/wp-json\/wp\/v2\/media?parent=3446"}],"wp:term":[{"taxonomy":"category","embeddable":true,"href":"https:\/\/ens9002-infd.mendoza.edu.ar\/sitio\/wp-json\/wp\/v2\/categories?post=3446"},{"taxonomy":"post_tag","embeddable":true,"href":"https:\/\/ens9002-infd.mendoza.edu.ar\/sitio\/wp-json\/wp\/v2\/tags?post=3446"}],"curies":[{"name":"wp","href":"https:\/\/api.w.org\/{rel}","templated":true}]}}