{"id":3449,"date":"2019-05-24T15:58:47","date_gmt":"2019-05-24T18:58:47","guid":{"rendered":"https:\/\/ens9002-mza.infd.edu.ar\/sitio\/?p=3449"},"modified":"2019-05-24T15:58:47","modified_gmt":"2019-05-24T18:58:47","slug":"toda-educacion-es-sexual-charla-organizada-por-prof-mario-vargas","status":"publish","type":"post","link":"https:\/\/ens9002-infd.mendoza.edu.ar\/sitio\/toda-educacion-es-sexual-charla-organizada-por-prof-mario-vargas\/","title":{"rendered":"Toda Educaci\u00f3n es Sexual &#8211; Charla organizada por Prof. Mario Vargas"},"content":{"rendered":"<p>Con la participaci\u00f3n de docentes invitados la charla se desarrollar\u00e1 el lunes 27\/5, en dos turnos a las 11 y 18hs.<\/p>\n<p><img decoding=\"async\" loading=\"lazy\" class=\"aligncenter size-medium wp-image-3450\" src=\"https:\/\/ens9002-infd.mendoza.edu.ar\/sitio\/wp-content\/uploads\/2019\/05\/WhatsApp-Image-2019-05-24-at-14.47.34-993x1000.jpeg\" alt=\"\" width=\"993\" height=\"1000\" srcset=\"https:\/\/ens9002-infd.mendoza.edu.ar\/sitio\/wp-content\/uploads\/2019\/05\/WhatsApp-Image-2019-05-24-at-14.47.34-993x1000.jpeg 993w, https:\/\/ens9002-infd.mendoza.edu.ar\/sitio\/wp-content\/uploads\/2019\/05\/WhatsApp-Image-2019-05-24-at-14.47.34-768x773.jpeg 768w, https:\/\/ens9002-infd.mendoza.edu.ar\/sitio\/wp-content\/uploads\/2019\/05\/WhatsApp-Image-2019-05-24-at-14.47.34.jpeg 1000w\" sizes=\"(max-width: 993px) 100vw, 993px\" \/><\/p>\n","protected":false},"excerpt":{"rendered":"<p>Con la participaci\u00f3n de docentes invitados la charla se desarrollar\u00e1 el lunes 27\/5, en dos turnos a las 11 y 18hs.<\/p>\n","protected":false},"author":5115,"featured_media":3294,"comment_status":"open","ping_status":"open","sticky":false,"template":"","format":"standard","meta":[],"categories":[7,6],"tags":[],"acf":[],"_links":{"self":[{"href":"https:\/\/ens9002-infd.mendoza.edu.ar\/sitio\/wp-json\/wp\/v2\/posts\/3449"}],"collection":[{"href":"https:\/\/ens9002-infd.mendoza.edu.ar\/sitio\/wp-json\/wp\/v2\/posts"}],"about":[{"href":"https:\/\/ens9002-infd.mendoza.edu.ar\/sitio\/wp-json\/wp\/v2\/types\/post"}],"author":[{"embeddable":true,"href":"https:\/\/ens9002-infd.mendoza.edu.ar\/sitio\/wp-json\/wp\/v2\/users\/5115"}],"replies":[{"embeddable":true,"href":"https:\/\/ens9002-infd.mendoza.edu.ar\/sitio\/wp-json\/wp\/v2\/comments?post=3449"}],"version-history":[{"count":1,"href":"https:\/\/ens9002-infd.mendoza.edu.ar\/sitio\/wp-json\/wp\/v2\/posts\/3449\/revisions"}],"predecessor-version":[{"id":3451,"href":"https:\/\/ens9002-infd.mendoza.edu.ar\/sitio\/wp-json\/wp\/v2\/posts\/3449\/revisions\/3451"}],"wp:featuredmedia":[{"embeddable":true,"href":"https:\/\/ens9002-infd.mendoza.edu.ar\/sitio\/wp-json\/wp\/v2\/media\/3294"}],"wp:attachment":[{"href":"https:\/\/ens9002-infd.mendoza.edu.ar\/sitio\/wp-json\/wp\/v2\/media?parent=3449"}],"wp:term":[{"taxonomy":"category","embeddable":true,"href":"https:\/\/ens9002-infd.mendoza.edu.ar\/sitio\/wp-json\/wp\/v2\/categories?post=3449"},{"taxonomy":"post_tag","embeddable":true,"href":"https:\/\/ens9002-infd.mendoza.edu.ar\/sitio\/wp-json\/wp\/v2\/tags?post=3449"}],"curies":[{"name":"wp","href":"https:\/\/api.w.org\/{rel}","templated":true}]}}