{"id":5883,"date":"2020-09-16T12:21:33","date_gmt":"2020-09-16T15:21:33","guid":{"rendered":"https:\/\/ens9002-infd.mendoza.edu.ar\/sitio\/?p=5883"},"modified":"2020-10-07T18:54:19","modified_gmt":"2020-10-07T21:54:19","slug":"el-profesorado-en-arte-organiza-conversatorio-sobre-creacion-en-pandemia","status":"publish","type":"post","link":"https:\/\/ens9002-infd.mendoza.edu.ar\/sitio\/el-profesorado-en-arte-organiza-conversatorio-sobre-creacion-en-pandemia\/","title":{"rendered":"El Profesorado en Arte organiza conversatorio sobre creaci\u00f3n en pandemia"},"content":{"rendered":"<p>El viernes 18 de setiembre -a partir de las 18.30 h- se desarrollar\u00e1 el conversatorio <em>Pandemia, subjetividad y creaci\u00f3n, <\/em>destinado a estudiantes del Profesorado en Artes Visuales del instituto<em>.\u00a0<\/em><\/p>\n<p>La videoconferencia estar\u00e1 a cargo de la Prof. Julieta Garc\u00eda (docente de espacios curriculares en el Profesorado en Artes Visuales en nuestra casa de estudios) y de la Lic.\u00a0Viviana Demar\u00eda. Quienes deseen participar, deber\u00e1n inscribirse en\u00a0<a href=\"https:\/\/forms.gle\/ykvMoxbzrXywa69X7\">https:\/\/forms.gle\/ykvMoxbzrXywa69X7<\/a>\u00a0para obtener su certificado.<\/p>\n<p>El evento se realizar\u00e1 por Zoom,\u00a0ID de reuni\u00f3n: 758 8473 6224 &#8211;\u00a0C\u00f3digo de acceso: p9bRbG<\/p>\n<p><img decoding=\"async\" loading=\"lazy\" class=\" wp-image-5885 aligncenter\" src=\"https:\/\/ens9002-infd.mendoza.edu.ar\/sitio\/wp-content\/uploads\/2020\/09\/Conversatorio-Arte.jpg\" alt=\"\" width=\"546\" height=\"545\" srcset=\"https:\/\/ens9002-infd.mendoza.edu.ar\/sitio\/wp-content\/uploads\/2020\/09\/Conversatorio-Arte.jpg 900w, https:\/\/ens9002-infd.mendoza.edu.ar\/sitio\/wp-content\/uploads\/2020\/09\/Conversatorio-Arte-500x500.jpg 500w, https:\/\/ens9002-infd.mendoza.edu.ar\/sitio\/wp-content\/uploads\/2020\/09\/Conversatorio-Arte-768x768.jpg 768w\" sizes=\"(max-width: 546px) 100vw, 546px\" \/><\/p>\n","protected":false},"excerpt":{"rendered":"<p>El viernes 18 de setiembre -a partir de las 18.30 h- se desarrollar\u00e1 el conversatorio Pandemia, subjetividad y creaci\u00f3n, destinado a estudiantes del Profesorado en Artes Visuales del instituto.\u00a0 La videoconferencia estar\u00e1 a cargo de la Prof. Julieta Garc\u00eda (docente de espacios curriculares en el Profesorado en Artes Visuales en nuestra casa de estudios) y &#8230; <a title=\"El Profesorado en Arte organiza conversatorio sobre creaci\u00f3n en pandemia\" class=\"read-more\" href=\"https:\/\/ens9002-infd.mendoza.edu.ar\/sitio\/el-profesorado-en-arte-organiza-conversatorio-sobre-creacion-en-pandemia\/\" aria-label=\"More on El Profesorado en Arte organiza conversatorio sobre creaci\u00f3n en pandemia\">[+]<\/a><\/p>\n","protected":false},"author":10055,"featured_media":5884,"comment_status":"open","ping_status":"open","sticky":false,"template":"","format":"standard","meta":[],"categories":[7,6],"tags":[],"acf":[],"_links":{"self":[{"href":"https:\/\/ens9002-infd.mendoza.edu.ar\/sitio\/wp-json\/wp\/v2\/posts\/5883"}],"collection":[{"href":"https:\/\/ens9002-infd.mendoza.edu.ar\/sitio\/wp-json\/wp\/v2\/posts"}],"about":[{"href":"https:\/\/ens9002-infd.mendoza.edu.ar\/sitio\/wp-json\/wp\/v2\/types\/post"}],"author":[{"embeddable":true,"href":"https:\/\/ens9002-infd.mendoza.edu.ar\/sitio\/wp-json\/wp\/v2\/users\/10055"}],"replies":[{"embeddable":true,"href":"https:\/\/ens9002-infd.mendoza.edu.ar\/sitio\/wp-json\/wp\/v2\/comments?post=5883"}],"version-history":[{"count":2,"href":"https:\/\/ens9002-infd.mendoza.edu.ar\/sitio\/wp-json\/wp\/v2\/posts\/5883\/revisions"}],"predecessor-version":[{"id":5887,"href":"https:\/\/ens9002-infd.mendoza.edu.ar\/sitio\/wp-json\/wp\/v2\/posts\/5883\/revisions\/5887"}],"wp:featuredmedia":[{"embeddable":true,"href":"https:\/\/ens9002-infd.mendoza.edu.ar\/sitio\/wp-json\/wp\/v2\/media\/5884"}],"wp:attachment":[{"href":"https:\/\/ens9002-infd.mendoza.edu.ar\/sitio\/wp-json\/wp\/v2\/media?parent=5883"}],"wp:term":[{"taxonomy":"category","embeddable":true,"href":"https:\/\/ens9002-infd.mendoza.edu.ar\/sitio\/wp-json\/wp\/v2\/categories?post=5883"},{"taxonomy":"post_tag","embeddable":true,"href":"https:\/\/ens9002-infd.mendoza.edu.ar\/sitio\/wp-json\/wp\/v2\/tags?post=5883"}],"curies":[{"name":"wp","href":"https:\/\/api.w.org\/{rel}","templated":true}]}}