{"id":6194,"date":"2020-10-09T00:31:40","date_gmt":"2020-10-09T03:31:40","guid":{"rendered":"https:\/\/ens9002-infd.mendoza.edu.ar\/sitio\/?p=6194"},"modified":"2020-10-09T00:34:05","modified_gmt":"2020-10-09T03:34:05","slug":"catorce-estudiantes-se-titularon-en-nuestro-instituto-en-el-profesorado-para-la-educacion-secundaria-en-concurrencia-con-el-titulo-de-base","status":"publish","type":"post","link":"https:\/\/ens9002-infd.mendoza.edu.ar\/sitio\/catorce-estudiantes-se-titularon-en-nuestro-instituto-en-el-profesorado-para-la-educacion-secundaria-en-concurrencia-con-el-titulo-de-base\/","title":{"rendered":"Catorce estudiantes se titularon en nuestro instituto, en el Profesorado para la Educaci\u00f3n Secundaria en concurrencia con el t\u00edtulo de base"},"content":{"rendered":"<p><span style=\"font-weight: 400;\">El 2 y 3 de octubre, presentaron su coloquio final las y los cursantes de la cohorte 2019 del <strong>Profesorado para la Educaci\u00f3n Secundaria en concurrencia con el t\u00edtulo de base<\/strong>, en el instituto Tom\u00e1s Godoy Cruz.\u00a0La profesora de Pr\u00e1ctica Melisa Flores y la Coordinadora Institucional de Trayectos Pedag\u00f3gicos, Cecilia Almonacid, conformaron el tribunal evaluador. Se titularon 14 docentes, a quienes desde nuestra instituci\u00f3n, felicitamos especialmente:\u00a0<\/span><\/p>\n<ul>\n<li style=\"font-weight: 400;\"><span style=\"font-weight: 400;\">Campos, Susana<\/span><\/li>\n<li style=\"font-weight: 400;\"><span style=\"font-weight: 400;\">Enr\u00edquez, Ver\u00f3nica<\/span><\/li>\n<li style=\"font-weight: 400;\"><span style=\"font-weight: 400;\">Fava, Gabriela Andrea<\/span><\/li>\n<li style=\"font-weight: 400;\"><span style=\"font-weight: 400;\">Forconesi, Paola Lorena<\/span><\/li>\n<li style=\"font-weight: 400;\"><span style=\"font-weight: 400;\">Gabetta, Gabriela Elo\u00edsa<\/span><\/li>\n<li style=\"font-weight: 400;\"><span style=\"font-weight: 400;\">G\u00f3mez, Melisa<\/span><\/li>\n<li style=\"font-weight: 400;\"><span style=\"font-weight: 400;\">Guerra Entre R\u00edos Sebasti\u00e1n<\/span><span style=\"font-weight: 400;\">,\u00a0<\/span><\/li>\n<li style=\"font-weight: 400;\"><span style=\"font-weight: 400;\">Mancuso Gabriela Hayd\u00e9e<\/span><span style=\"font-weight: 400;\">,\u00a0<\/span><\/li>\n<li style=\"font-weight: 400;\"><span style=\"font-weight: 400;\">Maure, Cecilia Paola<\/span><\/li>\n<li style=\"font-weight: 400;\"><span style=\"font-weight: 400;\">Pelegrina, Lidia Elena<\/span><\/li>\n<li style=\"font-weight: 400;\"><span style=\"font-weight: 400;\">Quiroga Romero Carolina<\/span><\/li>\n<li style=\"font-weight: 400;\"><span style=\"font-weight: 400;\">Reitano, N\u00e9stor Javier<\/span><\/li>\n<li style=\"font-weight: 400;\"><span style=\"font-weight: 400;\">Romero, Gabriela Susana<\/span><\/li>\n<li style=\"font-weight: 400;\"><span style=\"font-weight: 400;\">Sendra, Gabriel Fernando<\/span><\/li>\n<\/ul>\n<p><img decoding=\"async\" loading=\"lazy\" class=\"size-medium wp-image-6195 aligncenter\" src=\"https:\/\/ens9002-infd.mendoza.edu.ar\/sitio\/wp-content\/uploads\/2020\/10\/WhatsApp-Image-2020-10-06-at-13.44.38-1000x384.jpeg\" alt=\"\" width=\"1000\" height=\"384\" srcset=\"https:\/\/ens9002-infd.mendoza.edu.ar\/sitio\/wp-content\/uploads\/2020\/10\/WhatsApp-Image-2020-10-06-at-13.44.38-1000x384.jpeg 1000w, https:\/\/ens9002-infd.mendoza.edu.ar\/sitio\/wp-content\/uploads\/2020\/10\/WhatsApp-Image-2020-10-06-at-13.44.38-768x295.jpeg 768w, https:\/\/ens9002-infd.mendoza.edu.ar\/sitio\/wp-content\/uploads\/2020\/10\/WhatsApp-Image-2020-10-06-at-13.44.38.jpeg 1280w\" sizes=\"(max-width: 1000px) 100vw, 1000px\" \/><\/p>\n<p><strong>Detalles de la propuesta<\/strong><\/p>\n<p><span style=\"font-weight: 400;\">La formaci\u00f3n pedag\u00f3gico-did\u00e1ctica se dicta en nuestra casa de estudios, a trav\u00e9s del Instituto Nacional de Formaci\u00f3n Docente (INFOD) y en articulaci\u00f3n con la Coordinaci\u00f3n General de Educaci\u00f3n Superior (CGES). Su objetivo es fortalecer la formaci\u00f3n pedag\u00f3gica de profesoras y profesores\u00a0 en ejercicio, que no poseen titulaci\u00f3n docente y que se desempe\u00f1an en las escuelas secundarias de nuestra provincia, con un m\u00ednimo de 3 a\u00f1os de antig\u00fcedad en los espacios curriculares de formaci\u00f3n b\u00e1sica.\u00a0<\/span><\/p>\n<p><b>Para obtener m\u00e1s informaci\u00f3n acerca del trayecto formativo, acceder <a href=\"https:\/\/red.infd.edu.ar\/trayectos-de-fortalecimiento-pedagogico-inscripcion-a-materias-primer-semestre-2020\/\">aqu\u00ed<\/a><\/b><\/p>\n<p>&nbsp;<\/p>\n","protected":false},"excerpt":{"rendered":"<p>El 2 y 3 de octubre, presentaron su coloquio final las y los cursantes de la cohorte 2019 del Profesorado para la Educaci\u00f3n Secundaria en concurrencia con el t\u00edtulo de base, en el instituto Tom\u00e1s Godoy Cruz.\u00a0La profesora de Pr\u00e1ctica Melisa Flores y la Coordinadora Institucional de Trayectos Pedag\u00f3gicos, Cecilia Almonacid, conformaron el tribunal evaluador. &#8230; <a title=\"Catorce estudiantes se titularon en nuestro instituto, en el Profesorado para la Educaci\u00f3n Secundaria en concurrencia con el t\u00edtulo de base\" class=\"read-more\" href=\"https:\/\/ens9002-infd.mendoza.edu.ar\/sitio\/catorce-estudiantes-se-titularon-en-nuestro-instituto-en-el-profesorado-para-la-educacion-secundaria-en-concurrencia-con-el-titulo-de-base\/\" aria-label=\"More on Catorce estudiantes se titularon en nuestro instituto, en el Profesorado para la Educaci\u00f3n Secundaria en concurrencia con el t\u00edtulo de base\">[+]<\/a><\/p>\n","protected":false},"author":10055,"featured_media":6196,"comment_status":"open","ping_status":"open","sticky":false,"template":"","format":"standard","meta":[],"categories":[7,6],"tags":[80,81],"acf":[],"_links":{"self":[{"href":"https:\/\/ens9002-infd.mendoza.edu.ar\/sitio\/wp-json\/wp\/v2\/posts\/6194"}],"collection":[{"href":"https:\/\/ens9002-infd.mendoza.edu.ar\/sitio\/wp-json\/wp\/v2\/posts"}],"about":[{"href":"https:\/\/ens9002-infd.mendoza.edu.ar\/sitio\/wp-json\/wp\/v2\/types\/post"}],"author":[{"embeddable":true,"href":"https:\/\/ens9002-infd.mendoza.edu.ar\/sitio\/wp-json\/wp\/v2\/users\/10055"}],"replies":[{"embeddable":true,"href":"https:\/\/ens9002-infd.mendoza.edu.ar\/sitio\/wp-json\/wp\/v2\/comments?post=6194"}],"version-history":[{"count":2,"href":"https:\/\/ens9002-infd.mendoza.edu.ar\/sitio\/wp-json\/wp\/v2\/posts\/6194\/revisions"}],"predecessor-version":[{"id":6198,"href":"https:\/\/ens9002-infd.mendoza.edu.ar\/sitio\/wp-json\/wp\/v2\/posts\/6194\/revisions\/6198"}],"wp:featuredmedia":[{"embeddable":true,"href":"https:\/\/ens9002-infd.mendoza.edu.ar\/sitio\/wp-json\/wp\/v2\/media\/6196"}],"wp:attachment":[{"href":"https:\/\/ens9002-infd.mendoza.edu.ar\/sitio\/wp-json\/wp\/v2\/media?parent=6194"}],"wp:term":[{"taxonomy":"category","embeddable":true,"href":"https:\/\/ens9002-infd.mendoza.edu.ar\/sitio\/wp-json\/wp\/v2\/categories?post=6194"},{"taxonomy":"post_tag","embeddable":true,"href":"https:\/\/ens9002-infd.mendoza.edu.ar\/sitio\/wp-json\/wp\/v2\/tags?post=6194"}],"curies":[{"name":"wp","href":"https:\/\/api.w.org\/{rel}","templated":true}]}}