{"id":6261,"date":"2020-10-19T15:23:57","date_gmt":"2020-10-19T18:23:57","guid":{"rendered":"https:\/\/ens9002-infd.mendoza.edu.ar\/sitio\/?p=6261"},"modified":"2020-10-19T19:05:26","modified_gmt":"2020-10-19T22:05:26","slug":"la-coordinacion-de-practica-profesional-docente-invita-a-conversatorio-de-educacion-rural-e-intercultural-bilingue","status":"publish","type":"post","link":"https:\/\/ens9002-infd.mendoza.edu.ar\/sitio\/la-coordinacion-de-practica-profesional-docente-invita-a-conversatorio-de-educacion-rural-e-intercultural-bilingue\/","title":{"rendered":"La Coordinaci\u00f3n de Pr\u00e1ctica Profesional Docente invita a conversatorio de Educaci\u00f3n Rural e Intercultural Biling\u00fce"},"content":{"rendered":"<p>El martes 20 de octubre, a partir de las 19 h, se desarrollar\u00e1 el conversatorio <strong>Educaci\u00f3n Rural e Intercultural Biling\u00fce<\/strong>. El evento se ofrecer\u00e1 en especial para estudiantes de Pr\u00e1ctica Profesional Docente III del Profesorado en Educaci\u00f3n Primaria, aunque la invitaci\u00f3n se extiende a todo el estudiantado del Instituto Tom\u00e1s Godoy Cruz.<\/p>\n<p><img decoding=\"async\" loading=\"lazy\" class=\"wp-image-6262 aligncenter\" src=\"https:\/\/ens9002-infd.mendoza.edu.ar\/sitio\/wp-content\/uploads\/2020\/10\/Conversatorio-educaci\u00f3n-rural-1000x1000.jpg\" alt=\"\" width=\"701\" height=\"701\" srcset=\"https:\/\/ens9002-infd.mendoza.edu.ar\/sitio\/wp-content\/uploads\/2020\/10\/Conversatorio-educaci\u00f3n-rural-1000x1000.jpg 1000w, https:\/\/ens9002-infd.mendoza.edu.ar\/sitio\/wp-content\/uploads\/2020\/10\/Conversatorio-educaci\u00f3n-rural-500x500.jpg 500w, https:\/\/ens9002-infd.mendoza.edu.ar\/sitio\/wp-content\/uploads\/2020\/10\/Conversatorio-educaci\u00f3n-rural-768x768.jpg 768w, https:\/\/ens9002-infd.mendoza.edu.ar\/sitio\/wp-content\/uploads\/2020\/10\/Conversatorio-educaci\u00f3n-rural-1900x1900.jpg 1900w, https:\/\/ens9002-infd.mendoza.edu.ar\/sitio\/wp-content\/uploads\/2020\/10\/Conversatorio-educaci\u00f3n-rural.jpg 2000w\" sizes=\"(max-width: 701px) 100vw, 701px\" \/><\/p>\n<p>Las intervenciones estar\u00e1n a cargo de la Prof. <strong>Graciela P\u00e9rez Tarquini<\/strong> -Coordinadora de Modalidad Rural de la DGE-,\u00a0de la Psicopedagoga <strong>Alejandra Roiz<\/strong> -Especialista en Interculturalidad-,\u00a0como as\u00ed tambi\u00e9n de la Prof. <strong>Alicia Mart\u00ednez<\/strong> -Lic. en Ciencias Sociales y Especialista en Educaci\u00f3n Intercultural Biling\u00fce- y del Prof. <strong>Juan Manuel Villegas\u00a0<\/strong>-profesor en Historia, docente del CEBJA 3-325 en comunidades de Lavalle-. Se sumar\u00e1\u00a0<strong>Horacio Mayorga<\/strong> -miembro de la comunidad huarpe-.<\/p>\n<p>La propuesta surgi\u00f3 desde la Coordinaci\u00f3n de la Pr\u00e1ctica Profesional Docente y Residencia de los profesorados de Educaci\u00f3n Inicial, Primaria y Especial -a cargo de la Prof. Gabriela D\u00edaz-, junto a la Prof. Mariana De Cara. Para participar, se debe ingresar a Zoom -C\u00f3digo de acceso: 073506 | ID de reuni\u00f3n: 827 9332 1996-.<\/p>\n","protected":false},"excerpt":{"rendered":"<p>El martes 20 de octubre, a partir de las 19 h, se desarrollar\u00e1 el conversatorio Educaci\u00f3n Rural e Intercultural Biling\u00fce. El evento se ofrecer\u00e1 en especial para estudiantes de Pr\u00e1ctica Profesional Docente III del Profesorado en Educaci\u00f3n Primaria, aunque la invitaci\u00f3n se extiende a todo el estudiantado del Instituto Tom\u00e1s Godoy Cruz. Las intervenciones estar\u00e1n &#8230; <a title=\"La Coordinaci\u00f3n de Pr\u00e1ctica Profesional Docente invita a conversatorio de Educaci\u00f3n Rural e Intercultural Biling\u00fce\" class=\"read-more\" href=\"https:\/\/ens9002-infd.mendoza.edu.ar\/sitio\/la-coordinacion-de-practica-profesional-docente-invita-a-conversatorio-de-educacion-rural-e-intercultural-bilingue\/\" aria-label=\"More on La Coordinaci\u00f3n de Pr\u00e1ctica Profesional Docente invita a conversatorio de Educaci\u00f3n Rural e Intercultural Biling\u00fce\">[+]<\/a><\/p>\n","protected":false},"author":10055,"featured_media":6263,"comment_status":"open","ping_status":"open","sticky":false,"template":"","format":"standard","meta":[],"categories":[7,6],"tags":[87,89,88],"acf":[],"_links":{"self":[{"href":"https:\/\/ens9002-infd.mendoza.edu.ar\/sitio\/wp-json\/wp\/v2\/posts\/6261"}],"collection":[{"href":"https:\/\/ens9002-infd.mendoza.edu.ar\/sitio\/wp-json\/wp\/v2\/posts"}],"about":[{"href":"https:\/\/ens9002-infd.mendoza.edu.ar\/sitio\/wp-json\/wp\/v2\/types\/post"}],"author":[{"embeddable":true,"href":"https:\/\/ens9002-infd.mendoza.edu.ar\/sitio\/wp-json\/wp\/v2\/users\/10055"}],"replies":[{"embeddable":true,"href":"https:\/\/ens9002-infd.mendoza.edu.ar\/sitio\/wp-json\/wp\/v2\/comments?post=6261"}],"version-history":[{"count":3,"href":"https:\/\/ens9002-infd.mendoza.edu.ar\/sitio\/wp-json\/wp\/v2\/posts\/6261\/revisions"}],"predecessor-version":[{"id":6310,"href":"https:\/\/ens9002-infd.mendoza.edu.ar\/sitio\/wp-json\/wp\/v2\/posts\/6261\/revisions\/6310"}],"wp:featuredmedia":[{"embeddable":true,"href":"https:\/\/ens9002-infd.mendoza.edu.ar\/sitio\/wp-json\/wp\/v2\/media\/6263"}],"wp:attachment":[{"href":"https:\/\/ens9002-infd.mendoza.edu.ar\/sitio\/wp-json\/wp\/v2\/media?parent=6261"}],"wp:term":[{"taxonomy":"category","embeddable":true,"href":"https:\/\/ens9002-infd.mendoza.edu.ar\/sitio\/wp-json\/wp\/v2\/categories?post=6261"},{"taxonomy":"post_tag","embeddable":true,"href":"https:\/\/ens9002-infd.mendoza.edu.ar\/sitio\/wp-json\/wp\/v2\/tags?post=6261"}],"curies":[{"name":"wp","href":"https:\/\/api.w.org\/{rel}","templated":true}]}}