{"id":7133,"date":"2021-02-11T00:54:08","date_gmt":"2021-02-11T03:54:08","guid":{"rendered":"https:\/\/ens9002-infd.mendoza.edu.ar\/sitio\/?p=7133"},"modified":"2021-02-11T00:55:47","modified_gmt":"2021-02-11T03:55:47","slug":"inician-inscripciones-para-formacion-en-acompanamiento-terapeutico","status":"publish","type":"post","link":"https:\/\/ens9002-infd.mendoza.edu.ar\/sitio\/inician-inscripciones-para-formacion-en-acompanamiento-terapeutico\/","title":{"rendered":"Inician inscripciones para Formaci\u00f3n en Acompa\u00f1amiento Terap\u00e9utico"},"content":{"rendered":"<p>Desde el 10 de febrero, est\u00e1n abiertas las inscripciones para la <strong>Formaci\u00f3n en Acompa\u00f1amiento Terap\u00e9utico<\/strong> que dicta la Asociaci\u00f3n <em>Redes<\/em>, en articulaci\u00f3n con el Instituto Tom\u00e1s\u00a0\u00a0Godoy Cruz.<\/p>\n<p><img decoding=\"async\" loading=\"lazy\" class=\" wp-image-7134 alignright\" src=\"https:\/\/ens9002-infd.mendoza.edu.ar\/sitio\/wp-content\/uploads\/2021\/02\/Acompa\u00f1amiento-terap\u00e9utico.jpg\" alt=\"\" width=\"395\" height=\"395\" srcset=\"https:\/\/ens9002-infd.mendoza.edu.ar\/sitio\/wp-content\/uploads\/2021\/02\/Acompa\u00f1amiento-terap\u00e9utico.jpg 600w, https:\/\/ens9002-infd.mendoza.edu.ar\/sitio\/wp-content\/uploads\/2021\/02\/Acompa\u00f1amiento-terap\u00e9utico-500x500.jpg 500w\" sizes=\"(max-width: 395px) 100vw, 395px\" \/><\/p>\n<p>La propuesta (que comenzar\u00e1 el 1 de abril) se dirige a personas mayores de 18 a\u00f1os -con estudios secundarios completos- que deseen ser id\u00f3neos y \u00e9ticos en la tem\u00e1tica y que valoren la adquisici\u00f3n de conocimientos del rol de acompa\u00f1ante. El objetivo principal es su inserci\u00f3n laboral en los \u00e1mbitos de la Salud y la Educaci\u00f3n, con las herramientas que la realidad exige.<\/p>\n<p>Durante el cursado (virtual o presencial seg\u00fan la situaci\u00f3n sanitaria), se desarrollar\u00e1n dos m\u00f3dulos: Fundamentos te\u00f3ricos del acompa\u00f1amiento terap\u00e9utico y Supervisi\u00f3n, entrenamiento y pr\u00e1ctica del acompa\u00f1amiento terap\u00e9utico.<\/p>\n<p>Quienes deseen conocer m\u00e1s detalles e inscribirse, pueden consultar la p\u00e1gina web de la Asociaci\u00f3n <em>Redes<\/em> (<a href=\"http:\/\/www.at-redes.com\">www.at-redes.com<\/a>) y comunicarse telef\u00f3nicamente al 261 &#8211; 2515109.<\/p>\n<p>&nbsp;<\/p>\n","protected":false},"excerpt":{"rendered":"<p>Desde el 10 de febrero, est\u00e1n abiertas las inscripciones para la Formaci\u00f3n en Acompa\u00f1amiento Terap\u00e9utico que dicta la Asociaci\u00f3n Redes, en articulaci\u00f3n con el Instituto Tom\u00e1s\u00a0\u00a0Godoy Cruz. La propuesta (que comenzar\u00e1 el 1 de abril) se dirige a personas mayores de 18 a\u00f1os -con estudios secundarios completos- que deseen ser id\u00f3neos y \u00e9ticos en la &#8230; <a title=\"Inician inscripciones para Formaci\u00f3n en Acompa\u00f1amiento Terap\u00e9utico\" class=\"read-more\" href=\"https:\/\/ens9002-infd.mendoza.edu.ar\/sitio\/inician-inscripciones-para-formacion-en-acompanamiento-terapeutico\/\" aria-label=\"More on Inician inscripciones para Formaci\u00f3n en Acompa\u00f1amiento Terap\u00e9utico\">[+]<\/a><\/p>\n","protected":false},"author":10055,"featured_media":7137,"comment_status":"open","ping_status":"open","sticky":false,"template":"","format":"standard","meta":[],"categories":[7,6],"tags":[114],"acf":[],"_links":{"self":[{"href":"https:\/\/ens9002-infd.mendoza.edu.ar\/sitio\/wp-json\/wp\/v2\/posts\/7133"}],"collection":[{"href":"https:\/\/ens9002-infd.mendoza.edu.ar\/sitio\/wp-json\/wp\/v2\/posts"}],"about":[{"href":"https:\/\/ens9002-infd.mendoza.edu.ar\/sitio\/wp-json\/wp\/v2\/types\/post"}],"author":[{"embeddable":true,"href":"https:\/\/ens9002-infd.mendoza.edu.ar\/sitio\/wp-json\/wp\/v2\/users\/10055"}],"replies":[{"embeddable":true,"href":"https:\/\/ens9002-infd.mendoza.edu.ar\/sitio\/wp-json\/wp\/v2\/comments?post=7133"}],"version-history":[{"count":2,"href":"https:\/\/ens9002-infd.mendoza.edu.ar\/sitio\/wp-json\/wp\/v2\/posts\/7133\/revisions"}],"predecessor-version":[{"id":7136,"href":"https:\/\/ens9002-infd.mendoza.edu.ar\/sitio\/wp-json\/wp\/v2\/posts\/7133\/revisions\/7136"}],"wp:featuredmedia":[{"embeddable":true,"href":"https:\/\/ens9002-infd.mendoza.edu.ar\/sitio\/wp-json\/wp\/v2\/media\/7137"}],"wp:attachment":[{"href":"https:\/\/ens9002-infd.mendoza.edu.ar\/sitio\/wp-json\/wp\/v2\/media?parent=7133"}],"wp:term":[{"taxonomy":"category","embeddable":true,"href":"https:\/\/ens9002-infd.mendoza.edu.ar\/sitio\/wp-json\/wp\/v2\/categories?post=7133"},{"taxonomy":"post_tag","embeddable":true,"href":"https:\/\/ens9002-infd.mendoza.edu.ar\/sitio\/wp-json\/wp\/v2\/tags?post=7133"}],"curies":[{"name":"wp","href":"https:\/\/api.w.org\/{rel}","templated":true}]}}