{"id":7964,"date":"2021-05-17T16:25:24","date_gmt":"2021-05-17T19:25:24","guid":{"rendered":"https:\/\/ens9002-infd.mendoza.edu.ar\/sitio\/?p=7964"},"modified":"2021-05-20T21:22:39","modified_gmt":"2021-05-21T00:22:39","slug":"abren-las-inscripciones-para-el-proyecto-de-alfabetizacion-digital","status":"publish","type":"post","link":"https:\/\/ens9002-infd.mendoza.edu.ar\/sitio\/abren-las-inscripciones-para-el-proyecto-de-alfabetizacion-digital\/","title":{"rendered":"Abren las inscripciones para el Proyecto de Alfabetizaci\u00f3n Digital"},"content":{"rendered":"<p>Del 17 al 26 de mayo, si sos estudiante del instituto Tom\u00e1s Godoy Cruz y ten\u00e9s entre <strong>18 y 29 a\u00f1os<\/strong>, podr\u00e1s inscribirte en el <strong>Proyecto de Alfabetizaci\u00f3n Digital. <\/strong>El espacio se enmarca dentro de\u00a0<strong>POTENCIAR INCLUSI\u00d3N JOVEN -Programa Nacional de Inclusi\u00f3n e Integraci\u00f3n Social de J\u00f3venes-<\/strong> y tiene como objetivo promover la inclusi\u00f3n social de j\u00f3venes, mediante su participaci\u00f3n en actividades educativas, formativas, recreativas y culturales. A la vez, se les proporcionar\u00e1\u00a0un est\u00edmulo econ\u00f3mico de forma directa a quienes participen.<\/p>\n<p>Si dese\u00e1s formar parte, deber\u00e1s contar con una cuenta bancaria -que no podr\u00e1 ser la misma que la de PROGRESAR o AUH, pero s\u00ed la de IFE-. En caso de no poseer cuenta, es posible abrir una desde la app BNA+.<\/p>\n<p>El recurso que otorgar\u00e1 el programa ser\u00e1 compatible con:<\/p>\n<ul>\n<li><span style=\"font-weight: 400;\"> Asignaci\u00f3n Universal por hijo\/a (AUH);<\/span><\/li>\n<li><span style=\"font-weight: 400;\"> Asignaci\u00f3n Universal por embarazo (AUE);<\/span><\/li>\n<li><span style=\"font-weight: 400;\"> Beca Progresar;<\/span><span style=\"font-weight: 400;\"><br \/>\n<\/span><span style=\"font-weight: 400;\">d. Pensi\u00f3n por discapacidad ANSES;<\/span><\/li>\n<li><span style=\"font-weight: 400;\"> Tarjeta Alimentar;<\/span><\/li>\n<li><span style=\"font-weight: 400;\"> Inscripci\u00f3n al monotributo social o monotributo aut\u00f3nomo (hasta categor\u00eda A);<\/span><\/li>\n<li><span style=\"font-weight: 400;\"> Programa de acompa\u00f1amiento para el egreso de j\u00f3venes sin cuidados parentales (PAE);\u00a0<\/span><\/li>\n<li><span style=\"font-weight: 400;\"> Otras prestaciones que defina con posterioridad la autoridad de aplicaci\u00f3n.<\/span><\/li>\n<\/ul>\n<p>Por el contrario, no goza de compatibilidad con:\u00a0<span style=\"font-weight: 400;\">\u00a0<\/span><\/p>\n<ul>\n<li><span style=\"font-weight: 400;\"> Potenciar Trabajo;\u00a0<\/span><\/li>\n<li><span style=\"font-weight: 400;\"> Empleo formal registrado;<\/span><\/li>\n<li><span style=\"font-weight: 400;\"> Subsidio o prestaci\u00f3n monetaria no reintegrable con fines de empleo y\/o capacitaci\u00f3n otorgado por el Estado Nacional, Provincial, Municipal o del Gobierno de la Ciudad Aut\u00f3noma de Buenos Aires;\u00a0<\/span><\/li>\n<li><span style=\"font-weight: 400;\"> Pensiones o prestaciones del Sistema de la Seguridad Social, mutualidades de previsi\u00f3n o de cualquier otro sistema p\u00fablico de protecci\u00f3n;<\/span><\/li>\n<li><span style=\"font-weight: 400;\"> Otras prestaciones que defina con posterioridad la autoridad de aplicaci\u00f3n.<\/span><\/li>\n<\/ul>\n<p>Para <strong>inscribirte en el proyecto<\/strong>,<a href=\"https:\/\/forms.gle\/1NNKHWEE8afb7Qba9\"> hac\u00e9 clic aqu\u00ed<\/a>. Si necesit\u00e1s realizar consultas, escrib\u00ed un correo a <a href=\"mailto:bienestarestudiantiltgc@gmail.com\">bienestarestudiantiltgc@gmail.com<\/a> o a trav\u00e9s de la fan page de Facebook de Bienestar Estudiantil &#8211;<a href=\"https:\/\/www.facebook.com\/TGCPoliticasEstudiantiles\">hac\u00e9 clic aqu\u00ed<\/a>-.<\/p>\n","protected":false},"excerpt":{"rendered":"<p>Del 17 al 26 de mayo, si sos estudiante del instituto Tom\u00e1s Godoy Cruz y ten\u00e9s entre 18 y 29 a\u00f1os, podr\u00e1s inscribirte en el Proyecto de Alfabetizaci\u00f3n Digital. El espacio se enmarca dentro de\u00a0POTENCIAR INCLUSI\u00d3N JOVEN -Programa Nacional de Inclusi\u00f3n e Integraci\u00f3n Social de J\u00f3venes- y tiene como objetivo promover la inclusi\u00f3n social de &#8230; <a title=\"Abren las inscripciones para el Proyecto de Alfabetizaci\u00f3n Digital\" class=\"read-more\" href=\"https:\/\/ens9002-infd.mendoza.edu.ar\/sitio\/abren-las-inscripciones-para-el-proyecto-de-alfabetizacion-digital\/\" aria-label=\"More on Abren las inscripciones para el Proyecto de Alfabetizaci\u00f3n Digital\">[+]<\/a><\/p>\n","protected":false},"author":10055,"featured_media":7968,"comment_status":"open","ping_status":"open","sticky":false,"template":"","format":"standard","meta":[],"categories":[7,6],"tags":[151,154,152,153],"acf":[],"_links":{"self":[{"href":"https:\/\/ens9002-infd.mendoza.edu.ar\/sitio\/wp-json\/wp\/v2\/posts\/7964"}],"collection":[{"href":"https:\/\/ens9002-infd.mendoza.edu.ar\/sitio\/wp-json\/wp\/v2\/posts"}],"about":[{"href":"https:\/\/ens9002-infd.mendoza.edu.ar\/sitio\/wp-json\/wp\/v2\/types\/post"}],"author":[{"embeddable":true,"href":"https:\/\/ens9002-infd.mendoza.edu.ar\/sitio\/wp-json\/wp\/v2\/users\/10055"}],"replies":[{"embeddable":true,"href":"https:\/\/ens9002-infd.mendoza.edu.ar\/sitio\/wp-json\/wp\/v2\/comments?post=7964"}],"version-history":[{"count":4,"href":"https:\/\/ens9002-infd.mendoza.edu.ar\/sitio\/wp-json\/wp\/v2\/posts\/7964\/revisions"}],"predecessor-version":[{"id":7980,"href":"https:\/\/ens9002-infd.mendoza.edu.ar\/sitio\/wp-json\/wp\/v2\/posts\/7964\/revisions\/7980"}],"wp:featuredmedia":[{"embeddable":true,"href":"https:\/\/ens9002-infd.mendoza.edu.ar\/sitio\/wp-json\/wp\/v2\/media\/7968"}],"wp:attachment":[{"href":"https:\/\/ens9002-infd.mendoza.edu.ar\/sitio\/wp-json\/wp\/v2\/media?parent=7964"}],"wp:term":[{"taxonomy":"category","embeddable":true,"href":"https:\/\/ens9002-infd.mendoza.edu.ar\/sitio\/wp-json\/wp\/v2\/categories?post=7964"},{"taxonomy":"post_tag","embeddable":true,"href":"https:\/\/ens9002-infd.mendoza.edu.ar\/sitio\/wp-json\/wp\/v2\/tags?post=7964"}],"curies":[{"name":"wp","href":"https:\/\/api.w.org\/{rel}","templated":true}]}}