{"id":8410,"date":"2021-07-29T13:56:32","date_gmt":"2021-07-29T16:56:32","guid":{"rendered":"https:\/\/ens9002-infd.mendoza.edu.ar\/sitio\/?p=8410"},"modified":"2021-07-29T14:37:50","modified_gmt":"2021-07-29T17:37:50","slug":"se-retoman-las-actividades-deportivas-institucionales-para-toda-la-comunidad","status":"publish","type":"post","link":"https:\/\/ens9002-infd.mendoza.edu.ar\/sitio\/se-retoman-las-actividades-deportivas-institucionales-para-toda-la-comunidad\/","title":{"rendered":"Se retoman las actividades f\u00edsicas institucionales para toda la comunidad"},"content":{"rendered":"\n<p>A partir del 30 de julio, se reinician las caminatas saludables y clases de actividad f\u00edsica gratuitas para estudiantes y docentes del instituto Tom\u00e1s Godoy Cruz. La cita para todos los viernes a partir de esta semana, ser\u00e1 en los portones del parque General San Mart\u00edn a las 16 h.<\/p>\n\n\n\n<div class=\"wp-block-image\"><figure class=\"alignright size-large is-resized\"><img decoding=\"async\" loading=\"lazy\" src=\"https:\/\/ens9002-infd.mendoza.edu.ar\/sitio\/wp-content\/uploads\/2021\/07\/WhatsApp-Image-2021-07-06-at-20.54.46-3-1.jpeg\" alt=\"\" class=\"wp-image-8411\" width=\"247\" height=\"246\" srcset=\"https:\/\/ens9002-infd.mendoza.edu.ar\/sitio\/wp-content\/uploads\/2021\/07\/WhatsApp-Image-2021-07-06-at-20.54.46-3-1.jpeg 875w, https:\/\/ens9002-infd.mendoza.edu.ar\/sitio\/wp-content\/uploads\/2021\/07\/WhatsApp-Image-2021-07-06-at-20.54.46-3-1-500x500.jpeg 500w, https:\/\/ens9002-infd.mendoza.edu.ar\/sitio\/wp-content\/uploads\/2021\/07\/WhatsApp-Image-2021-07-06-at-20.54.46-3-1-768x764.jpeg 768w\" sizes=\"(max-width: 247px) 100vw, 247px\" \/><\/figure><\/div>\n\n\n\n<p>Durante el primer cuatrimestre, el grupo de participantes no ces\u00f3 de crecer. De hecho, en palabras de quienes asisten al espacio, al tratarse de una propuesta en comunidad esto colabora con la socializaci\u00f3n, la salud mental y emocional, reanima la voluntad y el compromiso.<\/p>\n\n\n\n<p>Adem\u00e1s, se realizan visitas tem\u00e1ticas a diversos sitios que en varios casos, resultaron una novedad para los y las estudiantes.<\/p>\n\n\n\n<p>Quienes deseen participar, deben ponerse en contacto con la Profa. Isabel Flores al 261 6566634.<\/p>\n","protected":false},"excerpt":{"rendered":"<p>A partir del 30 de julio, se reinician las caminatas saludables y clases de actividad f\u00edsica gratuitas para estudiantes y docentes del instituto Tom\u00e1s Godoy Cruz. La cita para todos los viernes a partir de esta semana, ser\u00e1 en los portones del parque General San Mart\u00edn a las 16 h. Durante el primer cuatrimestre, el &#8230; <a title=\"Se retoman las actividades f\u00edsicas institucionales para toda la comunidad\" class=\"read-more\" href=\"https:\/\/ens9002-infd.mendoza.edu.ar\/sitio\/se-retoman-las-actividades-deportivas-institucionales-para-toda-la-comunidad\/\" aria-label=\"More on Se retoman las actividades f\u00edsicas institucionales para toda la comunidad\">[+]<\/a><\/p>\n","protected":false},"author":10055,"featured_media":8363,"comment_status":"open","ping_status":"open","sticky":false,"template":"","format":"standard","meta":[],"categories":[7,1,6],"tags":[122,170],"acf":[],"_links":{"self":[{"href":"https:\/\/ens9002-infd.mendoza.edu.ar\/sitio\/wp-json\/wp\/v2\/posts\/8410"}],"collection":[{"href":"https:\/\/ens9002-infd.mendoza.edu.ar\/sitio\/wp-json\/wp\/v2\/posts"}],"about":[{"href":"https:\/\/ens9002-infd.mendoza.edu.ar\/sitio\/wp-json\/wp\/v2\/types\/post"}],"author":[{"embeddable":true,"href":"https:\/\/ens9002-infd.mendoza.edu.ar\/sitio\/wp-json\/wp\/v2\/users\/10055"}],"replies":[{"embeddable":true,"href":"https:\/\/ens9002-infd.mendoza.edu.ar\/sitio\/wp-json\/wp\/v2\/comments?post=8410"}],"version-history":[{"count":4,"href":"https:\/\/ens9002-infd.mendoza.edu.ar\/sitio\/wp-json\/wp\/v2\/posts\/8410\/revisions"}],"predecessor-version":[{"id":8415,"href":"https:\/\/ens9002-infd.mendoza.edu.ar\/sitio\/wp-json\/wp\/v2\/posts\/8410\/revisions\/8415"}],"wp:featuredmedia":[{"embeddable":true,"href":"https:\/\/ens9002-infd.mendoza.edu.ar\/sitio\/wp-json\/wp\/v2\/media\/8363"}],"wp:attachment":[{"href":"https:\/\/ens9002-infd.mendoza.edu.ar\/sitio\/wp-json\/wp\/v2\/media?parent=8410"}],"wp:term":[{"taxonomy":"category","embeddable":true,"href":"https:\/\/ens9002-infd.mendoza.edu.ar\/sitio\/wp-json\/wp\/v2\/categories?post=8410"},{"taxonomy":"post_tag","embeddable":true,"href":"https:\/\/ens9002-infd.mendoza.edu.ar\/sitio\/wp-json\/wp\/v2\/tags?post=8410"}],"curies":[{"name":"wp","href":"https:\/\/api.w.org\/{rel}","templated":true}]}}