{"id":9983,"date":"2022-03-04T11:39:14","date_gmt":"2022-03-04T14:39:14","guid":{"rendered":"https:\/\/ens9002-infd.mendoza.edu.ar\/sitio\/?p=9983"},"modified":"2022-03-04T11:39:16","modified_gmt":"2022-03-04T14:39:16","slug":"arranca-nueva-cohorte-del-taller-estrategias-pedagogicas-motivacionales-desde-un-enfoque-neurodidactico","status":"publish","type":"post","link":"https:\/\/ens9002-infd.mendoza.edu.ar\/sitio\/arranca-nueva-cohorte-del-taller-estrategias-pedagogicas-motivacionales-desde-un-enfoque-neurodidactico\/","title":{"rendered":"Arranca nueva cohorte del taller Estrategias pedag\u00f3gicas motivacionales desde un enfoque neurodid\u00e1ctico"},"content":{"rendered":"\n<p>La propuesta que se desarroll\u00f3 con \u00e9xito durante 2021, iniciar\u00e1 una vez m\u00e1s en el instituto Tom\u00e1s Godoy Cruz. A partir del 31 de marzo, tanto docentes como personal directivo y de supervisi\u00f3n de todos los niveles y modalidades del sistema educativo\u00a0podr\u00e1n cursar este espacio en el que se ahondar\u00e1 sobre <strong>estrategias pedag\u00f3gica motivacionales desde un enfoque neurodid\u00e1ctico<\/strong>. La\u00a0propuesta cuenta con\u00a0resoluci\u00f3n de la DGE \u2013<a rel=\"noreferrer noopener\" href=\"https:\/\/ens9002-infd.mendoza.edu.ar\/sitio\/wp-content\/uploads\/2021\/05\/Res.-61-CGES-21-Estrategias-pedag%C3%B3gicas-motivacionales-desde-un-enfoque-Neurodid%C3%A1ctico-9-002.pdf\" target=\"_blank\" data-type=\"URL\" data-id=\"https:\/\/ens9002-infd.mendoza.edu.ar\/sitio\/wp-content\/uploads\/2021\/05\/Res.-61-CGES-21-Estrategias-pedag%C3%B3gicas-motivacionales-desde-un-enfoque-Neurodid%C3%A1ctico-9-002.pdf\">clic aqu\u00ed para acceder<\/a>-. Estar\u00e1 a cargo de la Lic. Coach Roxana Sillero.<\/p>\n\n\n\n<p>Durante la cursada -bajo modalidad semipresencial- se abordar\u00e1n las motivaciones de los y las estudiantes para que atribuyan \u00e9xito a sus esfuerzos, as\u00ed como tambi\u00e9n se conocer\u00e1 qu\u00e9 informaci\u00f3n brinda la\u00a0<strong>Neurodid\u00e1ctica<\/strong>\u00a0en este sentido. Es decir que, desarrollar las competencias emocionales para estimular el aprendizaje, requiere comprender c\u00f3mo funciona nuestro cerebro cuando aprende o c\u00f3mo aprender\u00e1 mucho mejor.<\/p>\n\n\n\n<p>Para acceder a m\u00e1s informaci\u00f3n y consultar sobre inscripciones, escribir un correo electr\u00f3nico a\u00a0<a href=\"mailto:9002jefaturaformacioncontinua@gmail.com\" target=\"_blank\" rel=\"noreferrer noopener\">9002jefaturaformacioncontinua@gmail.com<\/a><\/p>\n","protected":false},"excerpt":{"rendered":"<p>La propuesta que se desarroll\u00f3 con \u00e9xito durante 2021, iniciar\u00e1 una vez m\u00e1s en el instituto Tom\u00e1s Godoy Cruz. A partir del 31 de marzo, tanto docentes como personal directivo y de supervisi\u00f3n de todos los niveles y modalidades del sistema educativo\u00a0podr\u00e1n cursar este espacio en el que se ahondar\u00e1 sobre estrategias pedag\u00f3gica motivacionales desde &#8230; <a title=\"Arranca nueva cohorte del taller Estrategias pedag\u00f3gicas motivacionales desde un enfoque neurodid\u00e1ctico\" class=\"read-more\" href=\"https:\/\/ens9002-infd.mendoza.edu.ar\/sitio\/arranca-nueva-cohorte-del-taller-estrategias-pedagogicas-motivacionales-desde-un-enfoque-neurodidactico\/\" aria-label=\"More on Arranca nueva cohorte del taller Estrategias pedag\u00f3gicas motivacionales desde un enfoque neurodid\u00e1ctico\">[+]<\/a><\/p>\n","protected":false},"author":10055,"featured_media":8662,"comment_status":"open","ping_status":"open","sticky":false,"template":"","format":"standard","meta":[],"categories":[1],"tags":[229,67,69],"acf":[],"_links":{"self":[{"href":"https:\/\/ens9002-infd.mendoza.edu.ar\/sitio\/wp-json\/wp\/v2\/posts\/9983"}],"collection":[{"href":"https:\/\/ens9002-infd.mendoza.edu.ar\/sitio\/wp-json\/wp\/v2\/posts"}],"about":[{"href":"https:\/\/ens9002-infd.mendoza.edu.ar\/sitio\/wp-json\/wp\/v2\/types\/post"}],"author":[{"embeddable":true,"href":"https:\/\/ens9002-infd.mendoza.edu.ar\/sitio\/wp-json\/wp\/v2\/users\/10055"}],"replies":[{"embeddable":true,"href":"https:\/\/ens9002-infd.mendoza.edu.ar\/sitio\/wp-json\/wp\/v2\/comments?post=9983"}],"version-history":[{"count":1,"href":"https:\/\/ens9002-infd.mendoza.edu.ar\/sitio\/wp-json\/wp\/v2\/posts\/9983\/revisions"}],"predecessor-version":[{"id":9984,"href":"https:\/\/ens9002-infd.mendoza.edu.ar\/sitio\/wp-json\/wp\/v2\/posts\/9983\/revisions\/9984"}],"wp:featuredmedia":[{"embeddable":true,"href":"https:\/\/ens9002-infd.mendoza.edu.ar\/sitio\/wp-json\/wp\/v2\/media\/8662"}],"wp:attachment":[{"href":"https:\/\/ens9002-infd.mendoza.edu.ar\/sitio\/wp-json\/wp\/v2\/media?parent=9983"}],"wp:term":[{"taxonomy":"category","embeddable":true,"href":"https:\/\/ens9002-infd.mendoza.edu.ar\/sitio\/wp-json\/wp\/v2\/categories?post=9983"},{"taxonomy":"post_tag","embeddable":true,"href":"https:\/\/ens9002-infd.mendoza.edu.ar\/sitio\/wp-json\/wp\/v2\/tags?post=9983"}],"curies":[{"name":"wp","href":"https:\/\/api.w.org\/{rel}","templated":true}]}}